{"id":267048,"date":"2025-02-12T17:39:39","date_gmt":"2025-02-12T21:39:39","guid":{"rendered":"https:\/\/elluchador.info\/?p=267048"},"modified":"2025-02-12T17:39:43","modified_gmt":"2025-02-12T21:39:43","slug":"maduro-ordeno-la-creacion-de-la-universidad-de-la-musica-jose-antonio-abreu","status":"publish","type":"post","link":"https:\/\/elluchador.info\/?p=267048","title":{"rendered":"Maduro orden\u00f3 la creaci\u00f3n de la Universidad de la M\u00fasica \u00abJos\u00e9 Antonio Abreu\u00bb"},"content":{"rendered":"\n<p>El presidente Nicol\u00e1s Maduro Moros, orden\u00f3 crear la Universidad de la M\u00fasica \u00abJos\u00e9 Antonio Abreu\u00bb. <em>\u00abUna casa de estudios universitarios que est\u00e9 de la mano y vaya con la experiencia de El Sistema Nacional de Orquestas\u00bb<\/em>, anunci\u00f3 durante la celebraci\u00f3n por el aniversario n\u00famero <em>50 de El Sistema Nacional de Orquestas y Coros Juveniles e Infantiles<\/em>.<\/p>\n\n\n\n<p><em>\u201cCreo que ha llegado el momento de que Venezuela tenga una casa de estudios superior al m\u00e1ximo nivel, que brille tanto como el Sistema de Orquestas, y he dado la orden para que se proceda de inmediato a la fundaci\u00f3n de la Universidad de la M\u00fasica de Venezuela Jos\u00e9 Antonio Abreu, una casa de estudios superiores universitarios, que est\u00e9 con la experiencia y el conocimiento del Sistema de Orquestas\u201d<\/em>, resumi\u00f3.<\/p>\n\n\n\n<p><em>\u201cLa Universidad de la M\u00fasica nace en Venezuela de la mano del Maestro Jos\u00e9 Antonio Abreu y tiene que ser la gran universidad de las universidades\u201d<\/em>, agreg\u00f3, al informar que ya hay tres carreras dise\u00f1adas para este centro universitario.<\/p>\n\n\n\n<p>Sugiri\u00f3 a las autoridades y directivos que se incorporan a la universidad revisarlas y estudiarlas, con la vista puesta en la experiencia de medio siglo del Sistema de Orquestas Sim\u00f3n Bol\u00edvar.<\/p>\n\n\n\n<p>\u201cSon muchas cosas que se pueden hacer todav\u00eda, muchas cosas que se pueden hacer y que se deben hacer en este homenaje tan hermoso\u201d, adelant\u00f3, durante el recorrido por la Expoferia de los 50 a\u00f1os de El Sistema, que se realiza en los espacios abiertos del Complejo Cultural Teatro Teresa Carre\u00f1o de Caracas.<\/p>\n\n\n\n<p>Entre estas cosas por hacer, mencion\u00f3 la necesidad de trabajar para que antes del amanecer del 2027 o incluso antes, se cumpla la meta de alcanzar los dos millones de ni\u00f1os, ni\u00f1as y j\u00f3venes integrantes de El Sistema Sim\u00f3n Bol\u00edvar.<\/p>\n\n\n\n<p>\u201cYo les digo a todas las estrellas de la cultura venezolana, de la m\u00fasica, que est\u00e1n en el mundo: nunca olviden que la fuente de su luz es ser venezolano, es Venezuela. Gente maravillosa y trascendente como el maestro Jos\u00e9 Antonio Abreu pudo haberse ido del pa\u00eds. \u00bfCu\u00e1ntas ofertas habr\u00e1 recibido? \u00a1Pero \u00e9l decidi\u00f3 sembrar en Venezuela, cosechar en Venezuela, construir en Venezuela y ser de Venezuela, pa\u00eds que es una potencia musical que da ejemplo al mundo!\u201d.<\/p>\n\n\n\n<p>Con informaci\u00f3n <strong><em><mark style=\"background-color:rgba(0, 0, 0, 0)\" class=\"has-inline-color has-luminous-vivid-orange-color\">VTV<\/mark><\/em><\/strong><\/p>\n","protected":false},"excerpt":{"rendered":"<p>El presidente Nicol\u00e1s Maduro Moros, orden\u00f3 crear la Universidad de la M\u00fasica \u00abJos\u00e9 Antonio Abreu\u00bb. \u00abUna casa de estudios universitarios que est\u00e9 de la mano y vaya con la experiencia de El Sistema Nacional de Orquestas\u00bb, anunci\u00f3 durante la celebraci\u00f3n por el aniversario n\u00famero 50 de El Sistema Nacional de Orquestas y Coros Juveniles e [&hellip;]<\/p>\n","protected":false},"author":33,"featured_media":267049,"comment_status":"open","ping_status":"open","sticky":false,"template":"","format":"standard","meta":{"footnotes":""},"categories":[5,9],"tags":[1718,130],"class_list":{"0":"post-267048","1":"post","2":"type-post","3":"status-publish","4":"format-standard","5":"has-post-thumbnail","7":"category-destacado","8":"category-nacionales","9":"tag-musica-2","10":"tag-universidad"},"_links":{"self":[{"href":"https:\/\/elluchador.info\/index.php?rest_route=\/wp\/v2\/posts\/267048","targetHints":{"allow":["GET"]}}],"collection":[{"href":"https:\/\/elluchador.info\/index.php?rest_route=\/wp\/v2\/posts"}],"about":[{"href":"https:\/\/elluchador.info\/index.php?rest_route=\/wp\/v2\/types\/post"}],"author":[{"embeddable":true,"href":"https:\/\/elluchador.info\/index.php?rest_route=\/wp\/v2\/users\/33"}],"replies":[{"embeddable":true,"href":"https:\/\/elluchador.info\/index.php?rest_route=%2Fwp%2Fv2%2Fcomments&post=267048"}],"version-history":[{"count":1,"href":"https:\/\/elluchador.info\/index.php?rest_route=\/wp\/v2\/posts\/267048\/revisions"}],"predecessor-version":[{"id":267050,"href":"https:\/\/elluchador.info\/index.php?rest_route=\/wp\/v2\/posts\/267048\/revisions\/267050"}],"wp:featuredmedia":[{"embeddable":true,"href":"https:\/\/elluchador.info\/index.php?rest_route=\/wp\/v2\/media\/267049"}],"wp:attachment":[{"href":"https:\/\/elluchador.info\/index.php?rest_route=%2Fwp%2Fv2%2Fmedia&parent=267048"}],"wp:term":[{"taxonomy":"category","embeddable":true,"href":"https:\/\/elluchador.info\/index.php?rest_route=%2Fwp%2Fv2%2Fcategories&post=267048"},{"taxonomy":"post_tag","embeddable":true,"href":"https:\/\/elluchador.info\/index.php?rest_route=%2Fwp%2Fv2%2Ftags&post=267048"}],"curies":[{"name":"wp","href":"https:\/\/api.w.org\/{rel}","templated":true}]}}