{"id":267625,"date":"2025-02-17T17:46:54","date_gmt":"2025-02-17T21:46:54","guid":{"rendered":"https:\/\/elluchador.info\/?p=267625"},"modified":"2025-02-17T17:46:59","modified_gmt":"2025-02-17T21:46:59","slug":"plan-vuelta-a-la-patria-ha-retornado-a-mas-de-914-mil-venezolanos","status":"publish","type":"post","link":"https:\/\/elluchador.info\/?p=267625","title":{"rendered":"Plan Vuelta a la Patria ha retornado a m\u00e1s de 914 mil venezolanos"},"content":{"rendered":"\n<p>El Plan Vuelta a la Patria facilit\u00f3 el retorno de m\u00e1s de 914 mil venezolanos que se encontraban en el exterior, seg\u00fan contabiliz\u00f3 el secretario general del Partido Socialista Unido de Venezuela (PSUV), Diosdado Cabello; esto en respuesta al anuncio del Gobierno de Panam\u00e1, el cual inform\u00f3 que supuestamente transportar\u00eda a los venezolanos deportados desde su territorio hasta la frontera colombo venezolana.<\/p>\n\n\n\n<p><em>\u00abM\u00e1s de 914 mil venezolanos han regresado, y seguir\u00e1n regresando y aqu\u00ed lo esperamos con los brazos y el coraz\u00f3n abiertos, amorosamente, jam\u00e1s ser\u00e1n maltratados en suelo venezolano, jam\u00e1s\u00bb<\/em>, anunci\u00f3 Cabello a su vez que aclar\u00f3 que <em>\u00abson muchos que se fueron, cuando uno observa y ve 914 mil connacionales que han regresado\u00bb<\/em> antes de que el gobierno de los Estados Unidos revocar\u00e1 el Estatus de Protecci\u00f3n Temporal (TPS) para los inmigrantes venezolanos radicados en su territorio.<\/p>\n\n\n\n<p>\u00abHan regresado 914 mil venezolanos, ojal\u00e1 que los que regresen ahora vengan a trabajar por su pa\u00eds\u00bb, concluy\u00f3 Cabello. El Plan Vuelta a la Patria fue dise\u00f1ado y lanzado por el presidente de la Rep\u00fablica Bolivariana de Venezuela, Nicol\u00e1s Maduro, durante el a\u00f1o 2018.<\/p>\n\n\n\n<p>Con informaci\u00f3n <strong><em><mark style=\"background-color:rgba(0, 0, 0, 0)\" class=\"has-inline-color has-luminous-vivid-orange-color\">VTV<\/mark><\/em><\/strong><\/p>\n","protected":false},"excerpt":{"rendered":"<p>El Plan Vuelta a la Patria facilit\u00f3 el retorno de m\u00e1s de 914 mil venezolanos que se encontraban en el exterior, seg\u00fan contabiliz\u00f3 el secretario general del Partido Socialista Unido de Venezuela (PSUV), Diosdado Cabello; esto en respuesta al anuncio del Gobierno de Panam\u00e1, el cual inform\u00f3 que supuestamente transportar\u00eda a los venezolanos deportados desde [&hellip;]<\/p>\n","protected":false},"author":33,"featured_media":267626,"comment_status":"open","ping_status":"open","sticky":false,"template":"","format":"standard","meta":{"footnotes":""},"categories":[9],"tags":[105,3032],"class_list":{"0":"post-267625","1":"post","2":"type-post","3":"status-publish","4":"format-standard","5":"has-post-thumbnail","7":"category-nacionales","8":"tag-venezuela","9":"tag-vuelta-a-la-patria"},"_links":{"self":[{"href":"https:\/\/elluchador.info\/index.php?rest_route=\/wp\/v2\/posts\/267625","targetHints":{"allow":["GET"]}}],"collection":[{"href":"https:\/\/elluchador.info\/index.php?rest_route=\/wp\/v2\/posts"}],"about":[{"href":"https:\/\/elluchador.info\/index.php?rest_route=\/wp\/v2\/types\/post"}],"author":[{"embeddable":true,"href":"https:\/\/elluchador.info\/index.php?rest_route=\/wp\/v2\/users\/33"}],"replies":[{"embeddable":true,"href":"https:\/\/elluchador.info\/index.php?rest_route=%2Fwp%2Fv2%2Fcomments&post=267625"}],"version-history":[{"count":1,"href":"https:\/\/elluchador.info\/index.php?rest_route=\/wp\/v2\/posts\/267625\/revisions"}],"predecessor-version":[{"id":267627,"href":"https:\/\/elluchador.info\/index.php?rest_route=\/wp\/v2\/posts\/267625\/revisions\/267627"}],"wp:featuredmedia":[{"embeddable":true,"href":"https:\/\/elluchador.info\/index.php?rest_route=\/wp\/v2\/media\/267626"}],"wp:attachment":[{"href":"https:\/\/elluchador.info\/index.php?rest_route=%2Fwp%2Fv2%2Fmedia&parent=267625"}],"wp:term":[{"taxonomy":"category","embeddable":true,"href":"https:\/\/elluchador.info\/index.php?rest_route=%2Fwp%2Fv2%2Fcategories&post=267625"},{"taxonomy":"post_tag","embeddable":true,"href":"https:\/\/elluchador.info\/index.php?rest_route=%2Fwp%2Fv2%2Ftags&post=267625"}],"curies":[{"name":"wp","href":"https:\/\/api.w.org\/{rel}","templated":true}]}}