{"id":267634,"date":"2025-02-17T18:15:27","date_gmt":"2025-02-17T22:15:27","guid":{"rendered":"https:\/\/elluchador.info\/?p=267634"},"modified":"2025-02-17T18:15:29","modified_gmt":"2025-02-17T22:15:29","slug":"procesan-a-expresidente-alberto-fernandez-por-violencia-de-genero","status":"publish","type":"post","link":"https:\/\/elluchador.info\/?p=267634","title":{"rendered":"Procesan a expresidente Alberto Fern\u00e1ndez por violencia de g\u00e9nero"},"content":{"rendered":"\n<p>La justicia argentina orden\u00f3 este lunes el procesamiento del expresidente izquierdista Alberto Fern\u00e1ndez para que responda en un juicio oral por \u00ablesiones graves, agravadas por haberse cometido en un contexto de violencia de g\u00e9nero contra su pareja y amenazas coactivas\u00bb, cuando ejerc\u00eda la presidencia (2019-23).<\/p>\n\n\n\n<p>Asimismo, Fern\u00e1ndez es acusado de ejercer \u00abviolencia psicol\u00f3gica\u00bb contra Fabiola Ya\u00f1ez \u00abbajo las formas de acoso, hostigamientos, controles, indiferencia, insultos, culpabilizaci\u00f3n, destrato, retiro de la palabra, ninguneos y hostilidad\u00bb.<\/p>\n\n\n\n<p>El exmandatario de 65 a\u00f1os rechaz\u00f3 todos los cargos durante la etapa de instrucci\u00f3n al calificar la acusaci\u00f3n como \u00abuna estafa procesal sin precedentes\u00bb, seg\u00fan prolog\u00f3 el escrito de 200 p\u00e1ginas que present\u00f3 a la justicia para pedir su sobreseimiento, el cual fue denegado.<\/p>\n\n\n\n<p>\u00abJam\u00e1s ejerc\u00ed violencia f\u00edsica, psicol\u00f3gica o econ\u00f3mica\u00bb contra Y\u00e1\u00f1ez, sostuvo Fern\u00e1ndez en el texto, en el que denunci\u00f3 que tanto el fiscal como el juez limitaron su derecho de defensa.<\/p>\n\n\n\n<p>El 6 de agosto de 2024, la ex primera dama, una periodista de 43 a\u00f1os que reside en Madrid, denunci\u00f3 por violencia f\u00edsica y psicol\u00f3gica al expresidente, con quien tiene un hijo de dos a\u00f1os.<\/p>\n\n\n\n<p>En su fallo, el juez Juli\u00e1n Ercolini tambi\u00e9n le impuso a Fern\u00e1ndez un embargo sobre sus bienes de 10 millones de pesos (unos 8.400 d\u00f3lares). El exmandatario debe informar cualquier viaje que implique ausentarse por m\u00e1s de 72 horas de su domicilio en Buenos Aires.<\/p>\n\n\n\n<p>Con informaci\u00f3n<strong><em><mark style=\"background-color:rgba(0, 0, 0, 0)\" class=\"has-inline-color has-vivid-cyan-blue-color\"> La Naci\u00f3n<\/mark><\/em><\/strong><\/p>\n","protected":false},"excerpt":{"rendered":"<p>La justicia argentina orden\u00f3 este lunes el procesamiento del expresidente izquierdista Alberto Fern\u00e1ndez para que responda en un juicio oral por \u00ablesiones graves, agravadas por haberse cometido en un contexto de violencia de g\u00e9nero contra su pareja y amenazas coactivas\u00bb, cuando ejerc\u00eda la presidencia (2019-23). Asimismo, Fern\u00e1ndez es acusado de ejercer \u00abviolencia psicol\u00f3gica\u00bb contra Fabiola [&hellip;]<\/p>\n","protected":false},"author":33,"featured_media":267635,"comment_status":"open","ping_status":"open","sticky":false,"template":"","format":"standard","meta":{"footnotes":""},"categories":[8],"tags":[540,311],"class_list":{"0":"post-267634","1":"post","2":"type-post","3":"status-publish","4":"format-standard","5":"has-post-thumbnail","7":"category-internacionales","8":"tag-argentina","9":"tag-violencia"},"_links":{"self":[{"href":"https:\/\/elluchador.info\/index.php?rest_route=\/wp\/v2\/posts\/267634","targetHints":{"allow":["GET"]}}],"collection":[{"href":"https:\/\/elluchador.info\/index.php?rest_route=\/wp\/v2\/posts"}],"about":[{"href":"https:\/\/elluchador.info\/index.php?rest_route=\/wp\/v2\/types\/post"}],"author":[{"embeddable":true,"href":"https:\/\/elluchador.info\/index.php?rest_route=\/wp\/v2\/users\/33"}],"replies":[{"embeddable":true,"href":"https:\/\/elluchador.info\/index.php?rest_route=%2Fwp%2Fv2%2Fcomments&post=267634"}],"version-history":[{"count":1,"href":"https:\/\/elluchador.info\/index.php?rest_route=\/wp\/v2\/posts\/267634\/revisions"}],"predecessor-version":[{"id":267636,"href":"https:\/\/elluchador.info\/index.php?rest_route=\/wp\/v2\/posts\/267634\/revisions\/267636"}],"wp:featuredmedia":[{"embeddable":true,"href":"https:\/\/elluchador.info\/index.php?rest_route=\/wp\/v2\/media\/267635"}],"wp:attachment":[{"href":"https:\/\/elluchador.info\/index.php?rest_route=%2Fwp%2Fv2%2Fmedia&parent=267634"}],"wp:term":[{"taxonomy":"category","embeddable":true,"href":"https:\/\/elluchador.info\/index.php?rest_route=%2Fwp%2Fv2%2Fcategories&post=267634"},{"taxonomy":"post_tag","embeddable":true,"href":"https:\/\/elluchador.info\/index.php?rest_route=%2Fwp%2Fv2%2Ftags&post=267634"}],"curies":[{"name":"wp","href":"https:\/\/api.w.org\/{rel}","templated":true}]}}