{"id":267734,"date":"2025-02-18T17:40:00","date_gmt":"2025-02-18T21:40:00","guid":{"rendered":"https:\/\/elluchador.info\/?p=267734"},"modified":"2025-02-18T17:35:21","modified_gmt":"2025-02-18T21:35:21","slug":"mineros-arranco-entrenamientos-este-18feb","status":"publish","type":"post","link":"https:\/\/elluchador.info\/?p=267734","title":{"rendered":"Mineros arranc\u00f3 entrenamientos este #18feb"},"content":{"rendered":"\n<p>Este martes 18 de febrero, Mineros de Guayana inici\u00f3 sus entrenamientos de cara a la nueva temporada de la Liga Futve 2.<\/p>\n\n\n\n<p>Con unos 20 j\u00f3venes que provienen de la cantera y otros que prueban suerte comenzaron los trabajos de la mano de Jes\u00fas \u201cChucho\u201d Ortiz, quien estar\u00e1 en el banquillo negriazul, seg\u00fan se pudo conocer.<\/p>\n\n\n\n<p>A trav\u00e9s de las redes sociales el equipo public\u00f3 la informaci\u00f3n, aunque no ofreci\u00f3 mayores detalles. Sin embargo, de manera extraoficial se conoci\u00f3 que Ortiz estuvo al frente de los primeros movimientos de la oncena.<\/p>\n\n\n\n<p>Ortiz conoce la plaza, form\u00f3 parte del cuerpo t\u00e9cnico de Juan Domingo Tolisano en su paso por Guayana. Aunque se encuentra con un escenario totalmente diferente, por lo menos conoce de primera mano al futbolista de la zona.<\/p>\n\n\n\n<p>Ciudad Mineros fue el escenario elegido para este regreso del conjunto negriazul, luego de perder su categor\u00eda en el a\u00f1o 2023.<\/p>\n\n\n\n<p>Deber\u00e1 trabajar sobre la marcha en la conformaci\u00f3n de la plantilla, en la que se espera que se le d\u00e9 lugar a muchos \u201cjugadores de la casa\u201d.<\/p>\n\n\n\n<p>Con Bob Abreu como su nuevo due\u00f1o y Jun Fari\u00f1a, su mano derecha, al frente de la instituci\u00f3n, esperan darle un nuevo comienzo al equipo.<\/p>\n\n\n\n<p>En redes sociales los aficionados mostraron su satisfacci\u00f3n por su regreso al f\u00fatbol profesional, luego de una \u201cpausa\u201d de un a\u00f1o. Incluso varios de ellos estuvieron presentes en la pr\u00e1ctica.<\/p>\n\n\n\n<p>Con informaci\u00f3n de <strong>agencias.-<\/strong><\/p>\n","protected":false},"excerpt":{"rendered":"<p>Este martes 18 de febrero, Mineros de Guayana inici\u00f3 sus entrenamientos de cara a la nueva temporada de la Liga Futve 2. Con unos 20 j\u00f3venes que provienen de la cantera y otros que prueban suerte comenzaron los trabajos de la mano de Jes\u00fas \u201cChucho\u201d Ortiz, quien estar\u00e1 en el banquillo negriazul, seg\u00fan se pudo [&hellip;]<\/p>\n","protected":false},"author":38,"featured_media":267736,"comment_status":"open","ping_status":"open","sticky":false,"template":"","format":"standard","meta":{"footnotes":""},"categories":[4],"tags":[185,1178,105],"class_list":{"0":"post-267734","1":"post","2":"type-post","3":"status-publish","4":"format-standard","5":"has-post-thumbnail","7":"category-deportes","8":"tag-bolivar","9":"tag-ciudad-guayana","10":"tag-venezuela"},"_links":{"self":[{"href":"https:\/\/elluchador.info\/index.php?rest_route=\/wp\/v2\/posts\/267734","targetHints":{"allow":["GET"]}}],"collection":[{"href":"https:\/\/elluchador.info\/index.php?rest_route=\/wp\/v2\/posts"}],"about":[{"href":"https:\/\/elluchador.info\/index.php?rest_route=\/wp\/v2\/types\/post"}],"author":[{"embeddable":true,"href":"https:\/\/elluchador.info\/index.php?rest_route=\/wp\/v2\/users\/38"}],"replies":[{"embeddable":true,"href":"https:\/\/elluchador.info\/index.php?rest_route=%2Fwp%2Fv2%2Fcomments&post=267734"}],"version-history":[{"count":1,"href":"https:\/\/elluchador.info\/index.php?rest_route=\/wp\/v2\/posts\/267734\/revisions"}],"predecessor-version":[{"id":267737,"href":"https:\/\/elluchador.info\/index.php?rest_route=\/wp\/v2\/posts\/267734\/revisions\/267737"}],"wp:featuredmedia":[{"embeddable":true,"href":"https:\/\/elluchador.info\/index.php?rest_route=\/wp\/v2\/media\/267736"}],"wp:attachment":[{"href":"https:\/\/elluchador.info\/index.php?rest_route=%2Fwp%2Fv2%2Fmedia&parent=267734"}],"wp:term":[{"taxonomy":"category","embeddable":true,"href":"https:\/\/elluchador.info\/index.php?rest_route=%2Fwp%2Fv2%2Fcategories&post=267734"},{"taxonomy":"post_tag","embeddable":true,"href":"https:\/\/elluchador.info\/index.php?rest_route=%2Fwp%2Fv2%2Ftags&post=267734"}],"curies":[{"name":"wp","href":"https:\/\/api.w.org\/{rel}","templated":true}]}}