{"id":267757,"date":"2025-02-18T18:17:10","date_gmt":"2025-02-18T22:17:10","guid":{"rendered":"https:\/\/elluchador.info\/?p=267757"},"modified":"2025-02-18T18:17:13","modified_gmt":"2025-02-18T22:17:13","slug":"alcalde-tito-oviedo-entrego-95-aportes-para-el-carnaval-esencia-y-tradicion","status":"publish","type":"post","link":"https:\/\/elluchador.info\/?p=267757","title":{"rendered":"Alcalde Tito Oviedo entreg\u00f3 95 aportes para el Carnaval Esencia y Tradici\u00f3n"},"content":{"rendered":"\n<p>La organizaci\u00f3n de los carnavales en Ciudad Guayana avanza a pasos agigantados para brindar nuevamente un espect\u00e1culo inigualable.<\/p>\n\n\n\n<p>Este martes 18 de febrero, el alcalde del municipio Caron\u00ed, Tito Oviedo, hizo su acostumbrada entrega de aportes para potenciar las propuestas de las comunidades, organizaciones art\u00edsticas y culturales.<\/p>\n\n\n\n<p>Oviedo entreg\u00f3 95 aportes a los hacedores culturales, creadores y cultores comparseros, agrupaciones musicales y artistas que estar\u00e1n durante el lunes y martes de Carnaval en la avenida Gumilla, avivando la alegr\u00eda de estas fiestas.<\/p>\n\n\n\n<p>M\u00e1s de 13 millones 700 mil bol\u00edvares ha invertido la Alcald\u00eda Bolivariana de Caron\u00ed \u201cpara defender y preservar nuestras tradiciones, la identidad cultural de nuestro pueblo\u201d, ha dicho el alcalde al resaltar el calipso de El Callao.<\/p>\n\n\n\n<figure class=\"wp-block-image size-large\"><img loading=\"lazy\" decoding=\"async\" width=\"1024\" height=\"768\" src=\"https:\/\/elluchador.info\/wp-content\/uploads\/2025\/02\/IMG_20250218_180602_623-1024x768.jpg\" alt=\"\" class=\"wp-image-267759\" srcset=\"https:\/\/elluchador.info\/wp-content\/uploads\/2025\/02\/IMG_20250218_180602_623-1024x768.jpg 1024w, https:\/\/elluchador.info\/wp-content\/uploads\/2025\/02\/IMG_20250218_180602_623-300x225.jpg 300w, https:\/\/elluchador.info\/wp-content\/uploads\/2025\/02\/IMG_20250218_180602_623-768x576.jpg 768w, https:\/\/elluchador.info\/wp-content\/uploads\/2025\/02\/IMG_20250218_180602_623-150x113.jpg 150w, https:\/\/elluchador.info\/wp-content\/uploads\/2025\/02\/IMG_20250218_180602_623-696x522.jpg 696w, https:\/\/elluchador.info\/wp-content\/uploads\/2025\/02\/IMG_20250218_180602_623-1068x801.jpg 1068w, https:\/\/elluchador.info\/wp-content\/uploads\/2025\/02\/IMG_20250218_180602_623.jpg 1280w\" sizes=\"auto, (max-width: 1024px) 100vw, 1024px\" \/><\/figure>\n\n\n\n<p>\u201cSeguramente es la inversi\u00f3n p\u00fablica m\u00e1s grande que se hace en carnavales, aunque existen otros sitios del pa\u00eds que tambi\u00e9n le dan mucha importancia al Carnaval\u201d, expres\u00f3 Oviedo.<\/p>\n\n\n\n<p>Se espera en este 2025 el derroche acostumbrado de brillo, colorido y creaci\u00f3n, en las comparsas que recorrer\u00e1n la avenida Gumilla al son del calipso, con la participaci\u00f3n de carrozas de las empresas b\u00e1sicas e instituciones del Estado.<\/p>\n\n\n\n<p>Ser\u00e1 como cada a\u00f1o una celebraci\u00f3n de reencuentro de los guayaneses alrededor de esta fiesta tradicional caracter\u00edstica.<\/p>\n\n\n\n<p>El alcalde Tito Oviedo tambi\u00e9n jurament\u00f3 este martes a la comisi\u00f3n organizadora de la festividad, integrada por su gabinete en las \u00e1reas de Turismo, Cultura, Salud, Seguridad, Gesti\u00f3n Social, entre otros, adem\u00e1s de la Camara Municipal, mediante su presidenta Mayurvis Alcal\u00e1.<\/p>\n\n\n\n<figure class=\"wp-block-image size-large\"><img loading=\"lazy\" decoding=\"async\" width=\"1024\" height=\"768\" src=\"https:\/\/elluchador.info\/wp-content\/uploads\/2025\/02\/IMG_20250218_180628_292-1024x768.jpg\" alt=\"\" class=\"wp-image-267760\" srcset=\"https:\/\/elluchador.info\/wp-content\/uploads\/2025\/02\/IMG_20250218_180628_292-1024x768.jpg 1024w, https:\/\/elluchador.info\/wp-content\/uploads\/2025\/02\/IMG_20250218_180628_292-300x225.jpg 300w, https:\/\/elluchador.info\/wp-content\/uploads\/2025\/02\/IMG_20250218_180628_292-768x576.jpg 768w, https:\/\/elluchador.info\/wp-content\/uploads\/2025\/02\/IMG_20250218_180628_292-150x113.jpg 150w, https:\/\/elluchador.info\/wp-content\/uploads\/2025\/02\/IMG_20250218_180628_292-696x522.jpg 696w, https:\/\/elluchador.info\/wp-content\/uploads\/2025\/02\/IMG_20250218_180628_292-1068x801.jpg 1068w, https:\/\/elluchador.info\/wp-content\/uploads\/2025\/02\/IMG_20250218_180628_292.jpg 1280w\" sizes=\"auto, (max-width: 1024px) 100vw, 1024px\" \/><\/figure>\n\n\n\n<p>Los Carnavales de Ciudad Guayana 2025 ser\u00e1n los Carnavales \u201cEsencia y Tradici\u00f3n\u201d que buscan reforzar la identidad cultural del municipio y el pa\u00eds, con apertura a otras culturas pero enalteciendo el acervo cultural de los guayaneses.<\/p>\n\n\n\n<p>Tito Oviedo, se\u00f1al\u00f3 que ahora, m\u00e1s que nunca, en el tiempo en que las redes sociales y la inteligencia artificial confunden la percepci\u00f3n del colectivo pretendiendo que la realidad es la reflejada en las redes, es cuando se deben cultivar los valores tradicionales y culturales, locales, regionales y nacionales.<\/p>\n\n\n\n<p>Con informaci\u00f3n de <strong>Prensa Alcald\u00eda de Caron\u00ed.-<\/strong><\/p>\n","protected":false},"excerpt":{"rendered":"<p>La organizaci\u00f3n de los carnavales en Ciudad Guayana avanza a pasos agigantados para brindar nuevamente un espect\u00e1culo inigualable. Este martes 18 de febrero, el alcalde del municipio Caron\u00ed, Tito Oviedo, hizo su acostumbrada entrega de aportes para potenciar las propuestas de las comunidades, organizaciones art\u00edsticas y culturales. Oviedo entreg\u00f3 95 aportes a los hacedores culturales, [&hellip;]<\/p>\n","protected":false},"author":38,"featured_media":267758,"comment_status":"open","ping_status":"open","sticky":false,"template":"","format":"standard","meta":{"footnotes":""},"categories":[20],"tags":[185,1178,105],"class_list":{"0":"post-267757","1":"post","2":"type-post","3":"status-publish","4":"format-standard","5":"has-post-thumbnail","7":"category-municipal","8":"tag-bolivar","9":"tag-ciudad-guayana","10":"tag-venezuela"},"_links":{"self":[{"href":"https:\/\/elluchador.info\/index.php?rest_route=\/wp\/v2\/posts\/267757","targetHints":{"allow":["GET"]}}],"collection":[{"href":"https:\/\/elluchador.info\/index.php?rest_route=\/wp\/v2\/posts"}],"about":[{"href":"https:\/\/elluchador.info\/index.php?rest_route=\/wp\/v2\/types\/post"}],"author":[{"embeddable":true,"href":"https:\/\/elluchador.info\/index.php?rest_route=\/wp\/v2\/users\/38"}],"replies":[{"embeddable":true,"href":"https:\/\/elluchador.info\/index.php?rest_route=%2Fwp%2Fv2%2Fcomments&post=267757"}],"version-history":[{"count":1,"href":"https:\/\/elluchador.info\/index.php?rest_route=\/wp\/v2\/posts\/267757\/revisions"}],"predecessor-version":[{"id":267761,"href":"https:\/\/elluchador.info\/index.php?rest_route=\/wp\/v2\/posts\/267757\/revisions\/267761"}],"wp:featuredmedia":[{"embeddable":true,"href":"https:\/\/elluchador.info\/index.php?rest_route=\/wp\/v2\/media\/267758"}],"wp:attachment":[{"href":"https:\/\/elluchador.info\/index.php?rest_route=%2Fwp%2Fv2%2Fmedia&parent=267757"}],"wp:term":[{"taxonomy":"category","embeddable":true,"href":"https:\/\/elluchador.info\/index.php?rest_route=%2Fwp%2Fv2%2Fcategories&post=267757"},{"taxonomy":"post_tag","embeddable":true,"href":"https:\/\/elluchador.info\/index.php?rest_route=%2Fwp%2Fv2%2Ftags&post=267757"}],"curies":[{"name":"wp","href":"https:\/\/api.w.org\/{rel}","templated":true}]}}