{"id":267766,"date":"2025-02-18T18:55:52","date_gmt":"2025-02-18T22:55:52","guid":{"rendered":"https:\/\/elluchador.info\/?p=267766"},"modified":"2025-02-18T18:56:01","modified_gmt":"2025-02-18T22:56:01","slug":"dueno-de-nutella-michele-ferrero-fallecio-a-los-89-anos-en-montecarlo","status":"publish","type":"post","link":"https:\/\/elluchador.info\/?p=267766","title":{"rendered":"Due\u00f1o de Nutella, Michele Ferrero falleci\u00f3 a los 89 a\u00f1os en Montecarlo"},"content":{"rendered":"\n<p>Michele Ferrero, creador de Nutella y propietario de un grupo confitero italiano del mismo nombre, falleci\u00f3 el pasado viernes 14 de febrero a los 89 a\u00f1os en su hogar en Montecarlo tras meses de enfermedad, anunciaron fuentes de la empresa citadas por la prensa local.<\/p>\n\n\n\n<p>Ferrero es considerado como el hombre m\u00e1s rico de Italia, con un patrimonio cifrado en 22 mil 300 millones de d\u00f3lares por el \u00edndice Bloomberg, la firma piamontesa Ferrero inclu\u00eda en su grupo los pralines Ferrero Rocher y los huevos Kinder.<\/p>\n\n\n\n<p>En un comunicado, el gobierno italiano subray\u00f3 que Ferrero fue \u00abdurante muchos a\u00f1os una figura destacada de la industria italiana, su gesti\u00f3n para mantener el ritmo de los tiempos gracias a productos innovadores y de su duro trabajo y reservado\u00bb. Adem\u00e1s, el presidente subraya que \u00abItalia recuerda con gratitud por la labor de apoyo y promoci\u00f3n de la cultura\u00bb.<\/p>\n\n\n\n<p>Durante los \u00faltimos a\u00f1os, Ferrero acud\u00eda en helic\u00f3ptero desde su villa en Montecarlo hasta las instalaciones de su industria confitera en la localidad de Alba, al noroeste del pa\u00eds, donde se celebr\u00f3 su funeral. La empresa es uno de los mayores grupos confiteros del mundo, presente en 53 pa\u00edses con m\u00e1s de 34 mil empleados.<\/p>\n\n\n\n<p>Con informaci\u00f3n de <strong>agencias.-<\/strong><\/p>\n","protected":false},"excerpt":{"rendered":"<p>Michele Ferrero, creador de Nutella y propietario de un grupo confitero italiano del mismo nombre, falleci\u00f3 el pasado viernes 14 de febrero a los 89 a\u00f1os en su hogar en Montecarlo tras meses de enfermedad, anunciaron fuentes de la empresa citadas por la prensa local. Ferrero es considerado como el hombre m\u00e1s rico de Italia, [&hellip;]<\/p>\n","protected":false},"author":38,"featured_media":267767,"comment_status":"open","ping_status":"open","sticky":false,"template":"","format":"standard","meta":{"footnotes":""},"categories":[7],"tags":[448,105],"class_list":{"0":"post-267766","1":"post","2":"type-post","3":"status-publish","4":"format-standard","5":"has-post-thumbnail","7":"category-entretenimiento","8":"tag-mundo","9":"tag-venezuela"},"_links":{"self":[{"href":"https:\/\/elluchador.info\/index.php?rest_route=\/wp\/v2\/posts\/267766","targetHints":{"allow":["GET"]}}],"collection":[{"href":"https:\/\/elluchador.info\/index.php?rest_route=\/wp\/v2\/posts"}],"about":[{"href":"https:\/\/elluchador.info\/index.php?rest_route=\/wp\/v2\/types\/post"}],"author":[{"embeddable":true,"href":"https:\/\/elluchador.info\/index.php?rest_route=\/wp\/v2\/users\/38"}],"replies":[{"embeddable":true,"href":"https:\/\/elluchador.info\/index.php?rest_route=%2Fwp%2Fv2%2Fcomments&post=267766"}],"version-history":[{"count":1,"href":"https:\/\/elluchador.info\/index.php?rest_route=\/wp\/v2\/posts\/267766\/revisions"}],"predecessor-version":[{"id":267768,"href":"https:\/\/elluchador.info\/index.php?rest_route=\/wp\/v2\/posts\/267766\/revisions\/267768"}],"wp:featuredmedia":[{"embeddable":true,"href":"https:\/\/elluchador.info\/index.php?rest_route=\/wp\/v2\/media\/267767"}],"wp:attachment":[{"href":"https:\/\/elluchador.info\/index.php?rest_route=%2Fwp%2Fv2%2Fmedia&parent=267766"}],"wp:term":[{"taxonomy":"category","embeddable":true,"href":"https:\/\/elluchador.info\/index.php?rest_route=%2Fwp%2Fv2%2Fcategories&post=267766"},{"taxonomy":"post_tag","embeddable":true,"href":"https:\/\/elluchador.info\/index.php?rest_route=%2Fwp%2Fv2%2Ftags&post=267766"}],"curies":[{"name":"wp","href":"https:\/\/api.w.org\/{rel}","templated":true}]}}