{"id":267769,"date":"2025-02-18T19:01:06","date_gmt":"2025-02-18T23:01:06","guid":{"rendered":"https:\/\/elluchador.info\/?p=267769"},"modified":"2025-02-18T19:01:11","modified_gmt":"2025-02-18T23:01:11","slug":"valeria-carruyo-es-liberada-y-se-pronuncia-sobre-accidente-en-maracaibo","status":"publish","type":"post","link":"https:\/\/elluchador.info\/?p=267769","title":{"rendered":"Valeria Carruyo es liberada y se pronuncia sobre accidente en Maracaibo"},"content":{"rendered":"\n<p>Vestida de negro y con el acostumbrado buen semblante que ofrece a sus seguidores, la creadora de contenido zuliana Valeria Carruyo reapareci\u00f3 este martes en su cuenta de Instagram para pronunciarse a trav\u00e9s de un v\u00eddeo sobre el accidente en el que estuvo involucrada donde un hombre y su hijo, quienes abordaban una moto, fueron embestidos en el sector 18 de Octubre, en Maracaibo, el pasado domingo 19 de enero.<\/p>\n\n\n\n<p>\u201cHolis, quiero dirigirme a todos ustedes con el debido respeto que esta situaci\u00f3n merece\u201d, fueron sus primeras palabras en el audiovisual, aparentemente grabado desde el interior de su vivienda.<\/p>\n\n\n\n<p>Carruyo confirm\u00f3 que s\u00ed estuvo detenida, sin dar detalles sobre la cantidad exacta de d\u00edas privada de libertad, no obstante, asegur\u00f3 que, como conclusi\u00f3n del proceso legal en su contra, se lleg\u00f3 a un \u201cacuerdo reparatorio\u201d con el se\u00f1or Gleison Brice\u00f1o, de 51 a\u00f1os (conductor de la moto) y su hijo de tan solo ocho, quien tambi\u00e9n result\u00f3 herido.<\/p>\n\n\n\n<p>\u00abQuiero aclarar que toda esta situaci\u00f3n se llev\u00f3 a cabo de la manera legal correspondiente, esa es la misma raz\u00f3n por la que no pude salir a hablar antes, porque estuve detenida. Apenas hasta hace unos d\u00edas se me devolvi\u00f3 mi tel\u00e9fono, mis pertenencias y, durante este proceso se llev\u00f3 a cabo un acuerdo reparatorio por solidaridad con las otras personas involucradas en el accidente\u201d, explic\u00f3 brevemente Valeria.<\/p>\n\n\n\n<p>Sin explicar su versi\u00f3n de los hechos, la joven influencer de 21 a\u00f1os se limit\u00f3 a asegurar que \u201cnunca huy\u00f3\u201d del lugar del accidente.<\/p>\n\n\n\n<p>\u201cAntes que nada, quisiera hacer hincapi\u00e9 en que desde el primer momento mi prioridad fue saber que las otras personas estaban bien. Lo primero que hice fue bajarme, llamar al 911 y pedir apoyo inmediato. Nunca intent\u00e9 huir, nunca intent\u00e9 evadir mi responsabilidad\u201d, apunt\u00f3.<\/p>\n\n\n\n<p>Pidi\u00f3 a sus seguidores ignorar lo que calific\u00f3 como \u201cversiones falsas que generaron odio y ataques masivos\u201d hacia la creadora de videos. \u201cLa realidad es que desde el domingo 19 de enero se estuvo brindando todo el apoyo a estas personas, todo lo necesario para su recuperaci\u00f3n\u201d, dijo.<\/p>\n\n\n\n<p>Al concluir su declaraci\u00f3n para Instagram, Valeria no especific\u00f3 si a\u00fan est\u00e1 en Maracaibo o en alguna otra ciudad, tampoco quiso hacer menci\u00f3n directa de los nombres de Gleison y su hijo, refiri\u00e9ndose a las v\u00edctimas como \u00abestas personas\u00bb. Como cierre del audiovisual, solo agradeci\u00f3 a sus seguidores \u201cel apoyo y comprensi\u00f3n brindados\u201d y se despidi\u00f3.<\/p>\n\n\n\n<p>Con informaci\u00f3n de <strong>agencias.-<\/strong><\/p>\n","protected":false},"excerpt":{"rendered":"<p>Vestida de negro y con el acostumbrado buen semblante que ofrece a sus seguidores, la creadora de contenido zuliana Valeria Carruyo reapareci\u00f3 este martes en su cuenta de Instagram para pronunciarse a trav\u00e9s de un v\u00eddeo sobre el accidente en el que estuvo involucrada donde un hombre y su hijo, quienes abordaban una moto, fueron [&hellip;]<\/p>\n","protected":false},"author":38,"featured_media":267770,"comment_status":"open","ping_status":"open","sticky":false,"template":"","format":"standard","meta":{"footnotes":""},"categories":[7],"tags":[448,105],"class_list":{"0":"post-267769","1":"post","2":"type-post","3":"status-publish","4":"format-standard","5":"has-post-thumbnail","7":"category-entretenimiento","8":"tag-mundo","9":"tag-venezuela"},"_links":{"self":[{"href":"https:\/\/elluchador.info\/index.php?rest_route=\/wp\/v2\/posts\/267769","targetHints":{"allow":["GET"]}}],"collection":[{"href":"https:\/\/elluchador.info\/index.php?rest_route=\/wp\/v2\/posts"}],"about":[{"href":"https:\/\/elluchador.info\/index.php?rest_route=\/wp\/v2\/types\/post"}],"author":[{"embeddable":true,"href":"https:\/\/elluchador.info\/index.php?rest_route=\/wp\/v2\/users\/38"}],"replies":[{"embeddable":true,"href":"https:\/\/elluchador.info\/index.php?rest_route=%2Fwp%2Fv2%2Fcomments&post=267769"}],"version-history":[{"count":1,"href":"https:\/\/elluchador.info\/index.php?rest_route=\/wp\/v2\/posts\/267769\/revisions"}],"predecessor-version":[{"id":267771,"href":"https:\/\/elluchador.info\/index.php?rest_route=\/wp\/v2\/posts\/267769\/revisions\/267771"}],"wp:featuredmedia":[{"embeddable":true,"href":"https:\/\/elluchador.info\/index.php?rest_route=\/wp\/v2\/media\/267770"}],"wp:attachment":[{"href":"https:\/\/elluchador.info\/index.php?rest_route=%2Fwp%2Fv2%2Fmedia&parent=267769"}],"wp:term":[{"taxonomy":"category","embeddable":true,"href":"https:\/\/elluchador.info\/index.php?rest_route=%2Fwp%2Fv2%2Fcategories&post=267769"},{"taxonomy":"post_tag","embeddable":true,"href":"https:\/\/elluchador.info\/index.php?rest_route=%2Fwp%2Fv2%2Ftags&post=267769"}],"curies":[{"name":"wp","href":"https:\/\/api.w.org\/{rel}","templated":true}]}}