{"id":267790,"date":"2025-02-19T05:25:00","date_gmt":"2025-02-19T09:25:00","guid":{"rendered":"https:\/\/elluchador.info\/?p=267790"},"modified":"2025-02-19T05:18:42","modified_gmt":"2025-02-19T09:18:42","slug":"brasil-impugnan-a-bolsonaro-por-intento-de-golpe-de-estado","status":"publish","type":"post","link":"https:\/\/elluchador.info\/?p=267790","title":{"rendered":"Brasil: impugnan a Bolsonaro por intento de golpe de Estado"},"content":{"rendered":"\n<p>\u200eLa Fiscal\u00eda brasile\u00f1a imput\u00f3 el martes al expresidente ultraderechista Jair Bolsonaro y a 33 colaboradores por un supuesto intento de golpe de Estado en 2022 para impedir la asunci\u00f3n de su sucesor, el actual mandatario Luiz In\u00e1cio Lula da Silva.<br>\u200e<br>\u200eEn una denuncia ante la Corte Suprema de Justicia, el fiscal general Paulo Gonet present\u00f3 cargos \u00abcontra 34 personas acusadas de incitar y ejecutar actos contrarios a los Tres Poderes y al Estado Democr\u00e1tico de Derecho\u00bb, para impedir la investidura de Lula, dijo la Fiscal\u00eda en un comunicado.<br>\u200e<br>\u200e\u00bbLa organizaci\u00f3n ten\u00eda como l\u00edderes al entonces presidente de la Rep\u00fablica (Jair Bolsonaro) y su candidato a vicepresidente (Walter Braga Netto)\u00bb, tambi\u00e9n imputado, agreg\u00f3.<br>\u200e<br>\u200eBolsonaro, de 69 a\u00f1os, fue acusado principalmente de \u00abgolpe de Estado\u00bb, \u00abtentativa de abolici\u00f3n violenta del Estado democr\u00e1tico de derecho\u00bb y \u00aborganizaci\u00f3n criminal armada\u00bb, seg\u00fan el documento de la Procuradur\u00eda General de la Rep\u00fablica (PGR).<br>\u200e<br>\u200eDe ser hallado culpable por estos delitos, se enfrentar\u00e1 a entre 12 y 40 a\u00f1os de prisi\u00f3n, de acuerdo con el C\u00f3digo Penal.<br>\u200e<br><strong><mark style=\"background-color:rgba(0, 0, 0, 0)\" class=\"has-inline-color has-vivid-cyan-blue-color\">\u200ePlanearon \u00abenvenenar a Lula\u00bb<\/mark><\/strong><br>\u200e<br>\u200e\u00bbLas investigaciones revelaron la operaci\u00f3n de ejecuci\u00f3n de un golpe\u00bb en el que se contemplaba \u00abincluso la muerte del presidente electo de la Rep\u00fablica (Lula da Silva) y su vicepresidente (Geraldo Alckmin), adem\u00e1s de un juez\u00bb de la Corte Suprema, detall\u00f3 la PGR.<br>\u200e<br>\u200eSeg\u00fan la Fiscal\u00eda, Bolsonaro habr\u00eda \u00abaceptado\u00bb un plan para asesinar por envenenamiento a Lula da Silva. \u00abEse plan fue construido y llevado al conocimiento del presidente de la Rep\u00fablica, que lo acept\u00f3\u00bb, se\u00f1al\u00f3 Gonet.<br>\u200e<br>\u200eEl exmandatario neg\u00f3 la acusaci\u00f3n a trav\u00e9s de sus abogados y se declar\u00f3 \u00abindignado\u00bb ante lo que calific\u00f3 como una denuncia \u00abinepta\u00bb, \u00abfantasiosa\u00bb e \u00abincoherente\u00bb.<br>\u200e<br>\u200eBolsonaro \u00abjam\u00e1s ha apoyado ning\u00fan movimiento que pretenda deconstruir el Estado Democr\u00e1tico de Derecho o las instituciones que lo habilitan\u00bb, dijo el abogado Paulo Cunha Bueno en una nota compartida en las redes sociales del exgobernante.<br>\u200e<br>\u200e<br>\u200eCon informaci\u00f3n <strong><em>Agencias.-<\/em><\/strong><\/p>\n","protected":false},"excerpt":{"rendered":"<p>\u200eLa Fiscal\u00eda brasile\u00f1a imput\u00f3 el martes al expresidente ultraderechista Jair Bolsonaro y a 33 colaboradores por un supuesto intento de golpe de Estado en 2022 para impedir la asunci\u00f3n de su sucesor, el actual mandatario Luiz In\u00e1cio Lula da Silva.\u200e\u200eEn una denuncia ante la Corte Suprema de Justicia, el fiscal general Paulo Gonet present\u00f3 cargos [&hellip;]<\/p>\n","protected":false},"author":33,"featured_media":267791,"comment_status":"open","ping_status":"open","sticky":false,"template":"","format":"standard","meta":{"footnotes":""},"categories":[5,8],"tags":[135,3035,687,3036,2668],"class_list":{"0":"post-267790","1":"post","2":"type-post","3":"status-publish","4":"format-standard","5":"has-post-thumbnail","7":"category-destacado","8":"category-internacionales","9":"tag-asesinato","10":"tag-bolsonaro","11":"tag-brasil","12":"tag-corte-suprema","13":"tag-lula"},"_links":{"self":[{"href":"https:\/\/elluchador.info\/index.php?rest_route=\/wp\/v2\/posts\/267790","targetHints":{"allow":["GET"]}}],"collection":[{"href":"https:\/\/elluchador.info\/index.php?rest_route=\/wp\/v2\/posts"}],"about":[{"href":"https:\/\/elluchador.info\/index.php?rest_route=\/wp\/v2\/types\/post"}],"author":[{"embeddable":true,"href":"https:\/\/elluchador.info\/index.php?rest_route=\/wp\/v2\/users\/33"}],"replies":[{"embeddable":true,"href":"https:\/\/elluchador.info\/index.php?rest_route=%2Fwp%2Fv2%2Fcomments&post=267790"}],"version-history":[{"count":1,"href":"https:\/\/elluchador.info\/index.php?rest_route=\/wp\/v2\/posts\/267790\/revisions"}],"predecessor-version":[{"id":267792,"href":"https:\/\/elluchador.info\/index.php?rest_route=\/wp\/v2\/posts\/267790\/revisions\/267792"}],"wp:featuredmedia":[{"embeddable":true,"href":"https:\/\/elluchador.info\/index.php?rest_route=\/wp\/v2\/media\/267791"}],"wp:attachment":[{"href":"https:\/\/elluchador.info\/index.php?rest_route=%2Fwp%2Fv2%2Fmedia&parent=267790"}],"wp:term":[{"taxonomy":"category","embeddable":true,"href":"https:\/\/elluchador.info\/index.php?rest_route=%2Fwp%2Fv2%2Fcategories&post=267790"},{"taxonomy":"post_tag","embeddable":true,"href":"https:\/\/elluchador.info\/index.php?rest_route=%2Fwp%2Fv2%2Ftags&post=267790"}],"curies":[{"name":"wp","href":"https:\/\/api.w.org\/{rel}","templated":true}]}}