{"id":267888,"date":"2025-02-20T08:30:25","date_gmt":"2025-02-20T12:30:25","guid":{"rendered":"https:\/\/elluchador.info\/?p=267888"},"modified":"2025-02-19T23:24:40","modified_gmt":"2025-02-20T03:24:40","slug":"gobernacion-consolida-atencion-social-integral-en-municipio-cedeno","status":"publish","type":"post","link":"https:\/\/elluchador.info\/?p=267888","title":{"rendered":"Gobernaci\u00f3n consolida atenci\u00f3n social integral en municipio Cede\u00f1o"},"content":{"rendered":"\n<p>La gesti\u00f3n del gobernador \u00c1ngel Marcano se distingue por su enfoque en la atenci\u00f3n directa de las comunidades, la promoci\u00f3n de la participaci\u00f3n ciudadana y la inversi\u00f3n en \u00e1reas como la salud, educaci\u00f3n y servicios p\u00fablicos, que se traducen en mejoras de la calidad de vida de los habitantes de Caicara del Orinoco, municipio Cede\u00f1o.<\/p>\n\n\n\n<p>En su visita por este municipio, Marcano, realiz\u00f3 un encuentro con las vocer\u00edas de 42 circuitos comunales para trabajar de la mano con el poder popular en la planificaci\u00f3n, avance y ejecuci\u00f3n de los proyectos aprobados en la Segunda Consulta Nacional.<\/p>\n\n\n\n<p>El Gobernador anunci\u00f3 la aprobaci\u00f3n de fondos para financiar 42 nuevos proyectos que beneficiar\u00e1n a la comunidad, entre los que destacan la adquisici\u00f3n de hornos, as\u00ed como la perforaci\u00f3n de pozos profundos para garantizar el acceso al agua potable.<\/p>\n\n\n\n<p>Marcano enfatiz\u00f3 que el objetivo de su visita a Cede\u00f1o es cristalizar los proyectos que anhelan las familias bolivarenses. Destac\u00f3 la importancia de trabajar en uni\u00f3n entre el&nbsp; poder popular y las instituciones gubernamentales para fortalecer la gesti\u00f3n y consolidar los objetivos planteados en las consultas p\u00fablicas nacionales promovidas por el presidente Nicol\u00e1s Maduro.<\/p>\n\n\n\n<p><strong>Jornada de Amor en Acci\u00f3n<\/strong><\/p>\n\n\n\n<p>En el despliegue se llev\u00f3 a cabo una jornada exitosa de salud m\u00e9dico integral, que atendi\u00f3 a 3 mil familias de la comunidad Jusepa en Caicara del Orinoco, demostrando el compromiso del l\u00edder obrero con la salud p\u00fablica.<\/p>\n\n\n\n<p>Gracias a este extraordinario despliegue del 1&#215;10 del Buen Gobierno, se ofrecieron servicios gratuitos en \u00e1reas de atenci\u00f3n primaria, como medicina general, pediatr\u00eda, vacunaci\u00f3n y m\u00e1s, as\u00ed como el suministro de medicamentos para la comunidad del punto y c\u00edrculo.<\/p>\n\n\n\n<p>Las familias agradecieron la eficiencia en la atenci\u00f3n recibida que garantiza el bienestar del municipio Cede\u00f1o, a trav\u00e9s de las pol\u00edticas de atenci\u00f3n social del Gobierno regional.<\/p>\n\n\n\n<p>Marcano aprovech\u00f3 la oportunidad y visit\u00f3 el hospital Dr. Arnaldo Gabald\u00f3n y el CDI General Manuel Cede\u00f1o, verificando el funcionamiento de ambos centros de salud.<\/p>\n\n\n\n<p>Durante su recorrido por las diferentes salas de atenci\u00f3n, indic\u00f3 que continuar\u00e1n adecuando los espacios de trabajo, dot\u00e1ndolos de insumos y equipos m\u00e9dicos, a fin de elevar la calidad de sus servicios.<\/p>\n\n\n\n<p>Dando soluciones concretas a 165 familias del sector Centuri\u00f3n y San Rafael de Castiller, Marcano, entreg\u00f3 un transformador de 50 kva solicitado por ambas comunidades.<\/p>\n\n\n\n<p>Este aporte estabilizar\u00e1 el funcionamiento del servicio de energ\u00eda el\u00e9ctrica, adem\u00e1s de beneficiar a 865 estudiantes de la Escuela Fe y Alegr\u00eda Caruto, de la comuna Petrocomuna del Orinoco.<\/p>\n\n\n\n<p><strong><em>Prensa Gobernaci\u00f3n de Bol\u00edvar<\/em><\/strong><\/p>\n","protected":false},"excerpt":{"rendered":"<p>La gesti\u00f3n del gobernador \u00c1ngel Marcano se distingue por su enfoque en la atenci\u00f3n directa de las comunidades, la promoci\u00f3n de la participaci\u00f3n ciudadana y la inversi\u00f3n en \u00e1reas como la salud, educaci\u00f3n y servicios p\u00fablicos, que se traducen en mejoras de la calidad de vida de los habitantes de Caicara del Orinoco, municipio Cede\u00f1o. [&hellip;]<\/p>\n","protected":false},"author":2,"featured_media":267887,"comment_status":"open","ping_status":"open","sticky":false,"template":"","format":"standard","meta":{"footnotes":""},"categories":[5,12],"tags":[],"class_list":{"0":"post-267888","1":"post","2":"type-post","3":"status-publish","4":"format-standard","5":"has-post-thumbnail","7":"category-destacado","8":"category-regionales"},"_links":{"self":[{"href":"https:\/\/elluchador.info\/index.php?rest_route=\/wp\/v2\/posts\/267888","targetHints":{"allow":["GET"]}}],"collection":[{"href":"https:\/\/elluchador.info\/index.php?rest_route=\/wp\/v2\/posts"}],"about":[{"href":"https:\/\/elluchador.info\/index.php?rest_route=\/wp\/v2\/types\/post"}],"author":[{"embeddable":true,"href":"https:\/\/elluchador.info\/index.php?rest_route=\/wp\/v2\/users\/2"}],"replies":[{"embeddable":true,"href":"https:\/\/elluchador.info\/index.php?rest_route=%2Fwp%2Fv2%2Fcomments&post=267888"}],"version-history":[{"count":1,"href":"https:\/\/elluchador.info\/index.php?rest_route=\/wp\/v2\/posts\/267888\/revisions"}],"predecessor-version":[{"id":267889,"href":"https:\/\/elluchador.info\/index.php?rest_route=\/wp\/v2\/posts\/267888\/revisions\/267889"}],"wp:featuredmedia":[{"embeddable":true,"href":"https:\/\/elluchador.info\/index.php?rest_route=\/wp\/v2\/media\/267887"}],"wp:attachment":[{"href":"https:\/\/elluchador.info\/index.php?rest_route=%2Fwp%2Fv2%2Fmedia&parent=267888"}],"wp:term":[{"taxonomy":"category","embeddable":true,"href":"https:\/\/elluchador.info\/index.php?rest_route=%2Fwp%2Fv2%2Fcategories&post=267888"},{"taxonomy":"post_tag","embeddable":true,"href":"https:\/\/elluchador.info\/index.php?rest_route=%2Fwp%2Fv2%2Ftags&post=267888"}],"curies":[{"name":"wp","href":"https:\/\/api.w.org\/{rel}","templated":true}]}}