{"id":267891,"date":"2025-02-20T08:40:22","date_gmt":"2025-02-20T12:40:22","guid":{"rendered":"https:\/\/elluchador.info\/?p=267891"},"modified":"2025-02-19T23:29:21","modified_gmt":"2025-02-20T03:29:21","slug":"culmino-formacion-de-nuevas-promotoras-de-parto-humanizado","status":"publish","type":"post","link":"https:\/\/elluchador.info\/?p=267891","title":{"rendered":"Culmin\u00f3 formaci\u00f3n de nuevas promotoras de parto humanizado"},"content":{"rendered":"\n<p>Desde los espacios del Inces Tom\u00e1s de Heres, se llev\u00f3 a cabo una nueva jornada del Plan Nacional Parto Humanizado, Lactancia Materna y Crianza Amorosa.<\/p>\n\n\n\n<p>La actividad marc\u00f3 el cierre de la formaci\u00f3n de nuevas promotoras y estuvo a cargo de las coordinaciones de Parto Humanizado, Lactancia Materna y Crianza Amorosa, as\u00ed como la Coordinaci\u00f3n de Lactancia Materna de INN del municipio.<\/p>\n\n\n\n<p>La jornada cumpli\u00f3 con los objetivos de activaci\u00f3n del c\u00edrculo de apoyo gestacional, la realizaci\u00f3n de un taller de toma de medidas antropom\u00e9tricas y un conversatorio sobre lactancia materna y crianza amorosa.<\/p>\n\n\n\n<p>La ocasi\u00f3n fue propicia para hacer entrega de multivitam\u00ednicos y detalles a las gestantes y lactantes presentes, quienes tambi\u00e9n participaron de los ejercicios psicoprofil\u00e1cticos.<\/p>\n\n\n\n<p>Un total de 52 personas se hicieron presente en la actividad, destacando 13 gestantes, 4 amamantadoras y 5 hombres. Adicionalmente, se sumaron 23 participantes en formaci\u00f3n.<\/p>\n\n\n\n<p>A trav\u00e9s de su cuenta oficial en Instagram Parto Humanizado Bol\u00edvar expres\u00f3 el compromiso de todo el equipo, su coordinadora, la Lcda. Marlys Marcano, \u201cde la mano de la primera combatiente en la regi\u00f3n, Yajaira Arocha de Marcano, a seguir creciendo en el estado Bol\u00edvar hasta lograr zona de silencio \u00b40\u00b4, en participaci\u00f3n y actividad de este maravilloso plan de nuestro presidente Nicol\u00e1s Maduro, direccionado a trav\u00e9s del Ministerio de la Mujer y la Igualdad de G\u00e9nero\u201d.<\/p>\n\n\n\n<p><strong><em>Gledis Bonilla<\/em><\/strong><\/p>\n","protected":false},"excerpt":{"rendered":"<p>Desde los espacios del Inces Tom\u00e1s de Heres, se llev\u00f3 a cabo una nueva jornada del Plan Nacional Parto Humanizado, Lactancia Materna y Crianza Amorosa. La actividad marc\u00f3 el cierre de la formaci\u00f3n de nuevas promotoras y estuvo a cargo de las coordinaciones de Parto Humanizado, Lactancia Materna y Crianza Amorosa, as\u00ed como la Coordinaci\u00f3n [&hellip;]<\/p>\n","protected":false},"author":2,"featured_media":267890,"comment_status":"open","ping_status":"open","sticky":false,"template":"","format":"standard","meta":{"footnotes":""},"categories":[2],"tags":[],"class_list":{"0":"post-267891","1":"post","2":"type-post","3":"status-publish","4":"format-standard","5":"has-post-thumbnail","7":"category-comunidad"},"_links":{"self":[{"href":"https:\/\/elluchador.info\/index.php?rest_route=\/wp\/v2\/posts\/267891","targetHints":{"allow":["GET"]}}],"collection":[{"href":"https:\/\/elluchador.info\/index.php?rest_route=\/wp\/v2\/posts"}],"about":[{"href":"https:\/\/elluchador.info\/index.php?rest_route=\/wp\/v2\/types\/post"}],"author":[{"embeddable":true,"href":"https:\/\/elluchador.info\/index.php?rest_route=\/wp\/v2\/users\/2"}],"replies":[{"embeddable":true,"href":"https:\/\/elluchador.info\/index.php?rest_route=%2Fwp%2Fv2%2Fcomments&post=267891"}],"version-history":[{"count":1,"href":"https:\/\/elluchador.info\/index.php?rest_route=\/wp\/v2\/posts\/267891\/revisions"}],"predecessor-version":[{"id":267892,"href":"https:\/\/elluchador.info\/index.php?rest_route=\/wp\/v2\/posts\/267891\/revisions\/267892"}],"wp:featuredmedia":[{"embeddable":true,"href":"https:\/\/elluchador.info\/index.php?rest_route=\/wp\/v2\/media\/267890"}],"wp:attachment":[{"href":"https:\/\/elluchador.info\/index.php?rest_route=%2Fwp%2Fv2%2Fmedia&parent=267891"}],"wp:term":[{"taxonomy":"category","embeddable":true,"href":"https:\/\/elluchador.info\/index.php?rest_route=%2Fwp%2Fv2%2Fcategories&post=267891"},{"taxonomy":"post_tag","embeddable":true,"href":"https:\/\/elluchador.info\/index.php?rest_route=%2Fwp%2Fv2%2Ftags&post=267891"}],"curies":[{"name":"wp","href":"https:\/\/api.w.org\/{rel}","templated":true}]}}