{"id":268135,"date":"2025-02-22T09:13:55","date_gmt":"2025-02-22T13:13:55","guid":{"rendered":"https:\/\/elluchador.info\/?p=268135"},"modified":"2025-02-22T09:13:58","modified_gmt":"2025-02-22T13:13:58","slug":"techo-de-centro-comercial-en-peru-se-desploma-dejando-3-muertos-y-decenas-de-heridos","status":"publish","type":"post","link":"https:\/\/elluchador.info\/?p=268135","title":{"rendered":"Techo de centro comercial en Per\u00fa se desploma dejando 3 muertos y decenas de heridos"},"content":{"rendered":"\n<p>\u200eAl menos 3 personas han muerto y otras 61 est\u00e1n heridas tras el colapso de una parte del techo de un centro comercial en Trujillo, la tercera ciudad m\u00e1s poblada de Per\u00fa.<br>\u200e<br>\u200eDespu\u00e9s de la tragedia, el Ministerio de Salud peruano comparti\u00f3 en redes sociales la lista oficial de los heridos, subiendo la cifra de 29 a 61. Adem\u00e1s de la identidad de las personas, el \u00f3rgano en algunos casos detall\u00f3 la edad y el centro de salud donde est\u00e1n siendo atendidos.<br>\u200e<br>\u200eLa lista permite ver que al menos tres son ni\u00f1os. Sin embargo, An\u00edbal Manuel Morillo, gerente regional de Salud de la regi\u00f3n La Libertad, cuya capital es Trujillo, dijo que la cifra de ni\u00f1os heridos podr\u00edan ser de 10.<br>\u200e<br>\u200ePreviamente, el Ministerio del Interior hab\u00eda confirmado la muerte de 3 fallecidos y precis\u00f3 que m\u00e1s de 200 polic\u00edas y bomberos estaban en el sitio realizando labores de b\u00fasqueda de personas atrapadas entre los escombros.<br>\u200e<br>\u200eEntre tanto, Juan Jos\u00e9 Santiv\u00e1\u00f1ez, ministro del Interior, explic\u00f3 que se desplomaron entre 700 y 800 metros cuadrados del techo en la zona de restaurantes del centro comercial.<br>\u200e<br>\u200eCon informaci\u00f3n <strong><em><mark style=\"background-color:rgba(0, 0, 0, 0)\" class=\"has-inline-color has-vivid-red-color\">Agencias-<\/mark><\/em><\/strong>.<\/p>\n","protected":false},"excerpt":{"rendered":"<p>\u200eAl menos 3 personas han muerto y otras 61 est\u00e1n heridas tras el colapso de una parte del techo de un centro comercial en Trujillo, la tercera ciudad m\u00e1s poblada de Per\u00fa.\u200e\u200eDespu\u00e9s de la tragedia, el Ministerio de Salud peruano comparti\u00f3 en redes sociales la lista oficial de los heridos, subiendo la cifra de 29 [&hellip;]<\/p>\n","protected":false},"author":33,"featured_media":268136,"comment_status":"open","ping_status":"open","sticky":false,"template":"","format":"standard","meta":{"footnotes":""},"categories":[5,8],"tags":[3055,534],"class_list":{"0":"post-268135","1":"post","2":"type-post","3":"status-publish","4":"format-standard","5":"has-post-thumbnail","7":"category-destacado","8":"category-internacionales","9":"tag-centro-comercial","10":"tag-peru"},"_links":{"self":[{"href":"https:\/\/elluchador.info\/index.php?rest_route=\/wp\/v2\/posts\/268135","targetHints":{"allow":["GET"]}}],"collection":[{"href":"https:\/\/elluchador.info\/index.php?rest_route=\/wp\/v2\/posts"}],"about":[{"href":"https:\/\/elluchador.info\/index.php?rest_route=\/wp\/v2\/types\/post"}],"author":[{"embeddable":true,"href":"https:\/\/elluchador.info\/index.php?rest_route=\/wp\/v2\/users\/33"}],"replies":[{"embeddable":true,"href":"https:\/\/elluchador.info\/index.php?rest_route=%2Fwp%2Fv2%2Fcomments&post=268135"}],"version-history":[{"count":1,"href":"https:\/\/elluchador.info\/index.php?rest_route=\/wp\/v2\/posts\/268135\/revisions"}],"predecessor-version":[{"id":268137,"href":"https:\/\/elluchador.info\/index.php?rest_route=\/wp\/v2\/posts\/268135\/revisions\/268137"}],"wp:featuredmedia":[{"embeddable":true,"href":"https:\/\/elluchador.info\/index.php?rest_route=\/wp\/v2\/media\/268136"}],"wp:attachment":[{"href":"https:\/\/elluchador.info\/index.php?rest_route=%2Fwp%2Fv2%2Fmedia&parent=268135"}],"wp:term":[{"taxonomy":"category","embeddable":true,"href":"https:\/\/elluchador.info\/index.php?rest_route=%2Fwp%2Fv2%2Fcategories&post=268135"},{"taxonomy":"post_tag","embeddable":true,"href":"https:\/\/elluchador.info\/index.php?rest_route=%2Fwp%2Fv2%2Ftags&post=268135"}],"curies":[{"name":"wp","href":"https:\/\/api.w.org\/{rel}","templated":true}]}}