{"id":268138,"date":"2025-02-22T09:35:04","date_gmt":"2025-02-22T13:35:04","guid":{"rendered":"https:\/\/elluchador.info\/?p=268138"},"modified":"2025-02-22T09:35:08","modified_gmt":"2025-02-22T13:35:08","slug":"consejo-de-vicepresidentes-acompanaran-despliegue-del-gobierno-comunal","status":"publish","type":"post","link":"https:\/\/elluchador.info\/?p=268138","title":{"rendered":"Consejo de Vicepresidentes acompa\u00f1ar\u00e1n despliegue del Gobierno Comunal"},"content":{"rendered":"\n<p>\u200eLa vicepresidenta Ejecutiva Delcy Rodr\u00edguez, encabez\u00f3 el Consejo de Vicepresidentes Sectoriales y qui\u00e9n afirm\u00f3 que acompa\u00f1ar\u00e1n el despliegue del Gobierno Comunal para avanzar en la consolidaci\u00f3n del nuevo sistema de Gobierno Popular<br>\u200e<br>\u200eEn este sentido, dicho despliegue abordaron las metodolog\u00edas de trabajo en las jornadas de instalaci\u00f3n de las Salas de Autogobierno Popular y Comunal que se realizar\u00e1n a partir del pr\u00f3ximo 24 de febrero en los cinco mil 338 circuitos comunales existentes en el pa\u00eds.<br>\u200e<br>\u200eIgualmente, se desplegar\u00e1n en las mesas de planificaci\u00f3n y trabajo a realizarse desde el 27 de febrero al 23 de marzo, as\u00ed lo inform\u00f3 el canal del estado VTV.<br>\u200e<br>\u200eCon informaci\u00f3n <strong><em><mark style=\"background-color:rgba(0, 0, 0, 0)\" class=\"has-inline-color has-vivid-red-color\">NTT<\/mark><\/em><\/strong><\/p>\n","protected":false},"excerpt":{"rendered":"<p>\u200eLa vicepresidenta Ejecutiva Delcy Rodr\u00edguez, encabez\u00f3 el Consejo de Vicepresidentes Sectoriales y qui\u00e9n afirm\u00f3 que acompa\u00f1ar\u00e1n el despliegue del Gobierno Comunal para avanzar en la consolidaci\u00f3n del nuevo sistema de Gobierno Popular\u200e\u200eEn este sentido, dicho despliegue abordaron las metodolog\u00edas de trabajo en las jornadas de instalaci\u00f3n de las Salas de Autogobierno Popular y Comunal que [&hellip;]<\/p>\n","protected":false},"author":33,"featured_media":268139,"comment_status":"open","ping_status":"open","sticky":false,"template":"","format":"standard","meta":{"footnotes":""},"categories":[9],"tags":[3056,105],"class_list":{"0":"post-268138","1":"post","2":"type-post","3":"status-publish","4":"format-standard","5":"has-post-thumbnail","7":"category-nacionales","8":"tag-gobierno-comunal","9":"tag-venezuela"},"_links":{"self":[{"href":"https:\/\/elluchador.info\/index.php?rest_route=\/wp\/v2\/posts\/268138","targetHints":{"allow":["GET"]}}],"collection":[{"href":"https:\/\/elluchador.info\/index.php?rest_route=\/wp\/v2\/posts"}],"about":[{"href":"https:\/\/elluchador.info\/index.php?rest_route=\/wp\/v2\/types\/post"}],"author":[{"embeddable":true,"href":"https:\/\/elluchador.info\/index.php?rest_route=\/wp\/v2\/users\/33"}],"replies":[{"embeddable":true,"href":"https:\/\/elluchador.info\/index.php?rest_route=%2Fwp%2Fv2%2Fcomments&post=268138"}],"version-history":[{"count":1,"href":"https:\/\/elluchador.info\/index.php?rest_route=\/wp\/v2\/posts\/268138\/revisions"}],"predecessor-version":[{"id":268140,"href":"https:\/\/elluchador.info\/index.php?rest_route=\/wp\/v2\/posts\/268138\/revisions\/268140"}],"wp:featuredmedia":[{"embeddable":true,"href":"https:\/\/elluchador.info\/index.php?rest_route=\/wp\/v2\/media\/268139"}],"wp:attachment":[{"href":"https:\/\/elluchador.info\/index.php?rest_route=%2Fwp%2Fv2%2Fmedia&parent=268138"}],"wp:term":[{"taxonomy":"category","embeddable":true,"href":"https:\/\/elluchador.info\/index.php?rest_route=%2Fwp%2Fv2%2Fcategories&post=268138"},{"taxonomy":"post_tag","embeddable":true,"href":"https:\/\/elluchador.info\/index.php?rest_route=%2Fwp%2Fv2%2Ftags&post=268138"}],"curies":[{"name":"wp","href":"https:\/\/api.w.org\/{rel}","templated":true}]}}