{"id":268144,"date":"2025-02-22T10:17:20","date_gmt":"2025-02-22T14:17:20","guid":{"rendered":"https:\/\/elluchador.info\/?p=268144"},"modified":"2025-02-22T10:17:24","modified_gmt":"2025-02-22T14:17:24","slug":"alcaldia-de-caroni-asfalta-en-brisas-del-orinoco","status":"publish","type":"post","link":"https:\/\/elluchador.info\/?p=268144","title":{"rendered":"Alcald\u00eda de Caron\u00ed asfalta en Brisas del Orinoco"},"content":{"rendered":"\n<p>M\u00e1s de 212 toneladas de asfalto se colocaron este viernes en la avenida principal de Brisas del Orinoco, en la parroquia 11 de Abril de Ciudad Guayana, comunidad aleda\u00f1a de la v\u00eda R\u00edo Claro que conecta con el municipio Casacoima del estado Delta Amacuro.<\/p>\n\n\n\n<p>La Alcald\u00eda Bolivariana de Caron\u00ed lleva adelante esta obra con el apoyo del gobierno nacional y regional, dando continuidad a la rehabilitaci\u00f3n vial que forma parte del plan Ciudad Guayana Para Vivir y que, a finales del a\u00f1o 2.024, lleg\u00f3 a la carretera nacional de R\u00edo Claro con el asfaltado de 10 kil\u00f3metros de trayecto. La obra incluy\u00f3 construcci\u00f3n de alcantarillas, demarcaci\u00f3n, ojos de gatos, iluminaci\u00f3n y otras mejoras.<\/p>\n\n\n\n<p>En la avenida principal de Brisas del Orinoco se estima la colocaci\u00f3n de 5.500 toneladas de asfalto. El alcalde Tito Oviedo dio inicio a los trabajos acompa\u00f1ado de los habitantes de la UD 128, destacando que el proyecto de la avenida por donde circula el transporte p\u00fablico, era un compromiso adquirido.<\/p>\n\n\n\n<figure class=\"wp-block-gallery has-nested-images columns-default is-cropped wp-block-gallery-1 is-layout-flex wp-block-gallery-is-layout-flex\">\n<figure class=\"wp-block-image size-large\"><img loading=\"lazy\" decoding=\"async\" width=\"768\" height=\"1024\" data-id=\"268145\" src=\"https:\/\/elluchador.info\/wp-content\/uploads\/2025\/02\/IMG_20250221_185440_832-768x1024.jpg\" alt=\"\" class=\"wp-image-268145\" srcset=\"https:\/\/elluchador.info\/wp-content\/uploads\/2025\/02\/IMG_20250221_185440_832-768x1024.jpg 768w, https:\/\/elluchador.info\/wp-content\/uploads\/2025\/02\/IMG_20250221_185440_832-225x300.jpg 225w, https:\/\/elluchador.info\/wp-content\/uploads\/2025\/02\/IMG_20250221_185440_832-150x200.jpg 150w, https:\/\/elluchador.info\/wp-content\/uploads\/2025\/02\/IMG_20250221_185440_832-300x400.jpg 300w, https:\/\/elluchador.info\/wp-content\/uploads\/2025\/02\/IMG_20250221_185440_832-696x928.jpg 696w, https:\/\/elluchador.info\/wp-content\/uploads\/2025\/02\/IMG_20250221_185440_832.jpg 960w\" sizes=\"auto, (max-width: 768px) 100vw, 768px\" \/><\/figure>\n\n\n\n<figure class=\"wp-block-image size-large\"><img loading=\"lazy\" decoding=\"async\" width=\"1024\" height=\"768\" data-id=\"268146\" src=\"https:\/\/elluchador.info\/wp-content\/uploads\/2025\/02\/IMG_20250221_185440_495-1024x768.jpg\" alt=\"\" class=\"wp-image-268146\" srcset=\"https:\/\/elluchador.info\/wp-content\/uploads\/2025\/02\/IMG_20250221_185440_495-1024x768.jpg 1024w, https:\/\/elluchador.info\/wp-content\/uploads\/2025\/02\/IMG_20250221_185440_495-300x225.jpg 300w, https:\/\/elluchador.info\/wp-content\/uploads\/2025\/02\/IMG_20250221_185440_495-768x576.jpg 768w, https:\/\/elluchador.info\/wp-content\/uploads\/2025\/02\/IMG_20250221_185440_495-150x113.jpg 150w, https:\/\/elluchador.info\/wp-content\/uploads\/2025\/02\/IMG_20250221_185440_495-696x522.jpg 696w, https:\/\/elluchador.info\/wp-content\/uploads\/2025\/02\/IMG_20250221_185440_495-1068x801.jpg 1068w, https:\/\/elluchador.info\/wp-content\/uploads\/2025\/02\/IMG_20250221_185440_495.jpg 1280w\" sizes=\"auto, (max-width: 1024px) 100vw, 1024px\" \/><\/figure>\n<\/figure>\n\n\n\n<p>Por otra parte, agradeci\u00f3 al presidente Nicol\u00e1s Maduro; al ministro de Transporte, Ram\u00f3n Vel\u00e1squez Araguay\u00e1n y al gobernador del estado Bol\u00edvar, \u00c1ngel Marcano, por el apoyo para el desarrollo de la obra.&nbsp;<\/p>\n\n\n\n<p>Oviedo tambi\u00e9n inform\u00f3 sobre el cronograma del plan de asfaltado que ejecuta la Alcald\u00eda de Caron\u00ed con la cooperaci\u00f3n de Asfaltos Bol\u00edvar.<\/p>\n\n\n\n<p>\u00abEstamos coordinando varios frentes de asfaltado: en la avenida Libertador, en la parroquia Sim\u00f3n Bol\u00edvar, y contin\u00faa el asfaltado en la parroquia Chirica, es atenci\u00f3n integral, porque nosotros nos enfocamos en trabajar como siempre lo hemos hecho todos estos a\u00f1os\u00bb, expres\u00f3.<\/p>\n\n\n\n<p><strong><em><mark style=\"background-color:rgba(0, 0, 0, 0)\" class=\"has-inline-color has-luminous-vivid-amber-color\">Prensa Alcald\u00eda de Caron\u00ed <\/mark><\/em><\/strong><\/p>\n","protected":false},"excerpt":{"rendered":"<p>M\u00e1s de 212 toneladas de asfalto se colocaron este viernes en la avenida principal de Brisas del Orinoco, en la parroquia 11 de Abril de Ciudad Guayana, comunidad aleda\u00f1a de la v\u00eda R\u00edo Claro que conecta con el municipio Casacoima del estado Delta Amacuro. La Alcald\u00eda Bolivariana de Caron\u00ed lleva adelante esta obra con el [&hellip;]<\/p>\n","protected":false},"author":33,"featured_media":268147,"comment_status":"open","ping_status":"open","sticky":false,"template":"","format":"standard","meta":{"footnotes":""},"categories":[5,12],"tags":[3058,379],"class_list":{"0":"post-268144","1":"post","2":"type-post","3":"status-publish","4":"format-standard","5":"has-post-thumbnail","7":"category-destacado","8":"category-regionales","9":"tag-asfaltado","10":"tag-caroni"},"_links":{"self":[{"href":"https:\/\/elluchador.info\/index.php?rest_route=\/wp\/v2\/posts\/268144","targetHints":{"allow":["GET"]}}],"collection":[{"href":"https:\/\/elluchador.info\/index.php?rest_route=\/wp\/v2\/posts"}],"about":[{"href":"https:\/\/elluchador.info\/index.php?rest_route=\/wp\/v2\/types\/post"}],"author":[{"embeddable":true,"href":"https:\/\/elluchador.info\/index.php?rest_route=\/wp\/v2\/users\/33"}],"replies":[{"embeddable":true,"href":"https:\/\/elluchador.info\/index.php?rest_route=%2Fwp%2Fv2%2Fcomments&post=268144"}],"version-history":[{"count":1,"href":"https:\/\/elluchador.info\/index.php?rest_route=\/wp\/v2\/posts\/268144\/revisions"}],"predecessor-version":[{"id":268148,"href":"https:\/\/elluchador.info\/index.php?rest_route=\/wp\/v2\/posts\/268144\/revisions\/268148"}],"wp:featuredmedia":[{"embeddable":true,"href":"https:\/\/elluchador.info\/index.php?rest_route=\/wp\/v2\/media\/268147"}],"wp:attachment":[{"href":"https:\/\/elluchador.info\/index.php?rest_route=%2Fwp%2Fv2%2Fmedia&parent=268144"}],"wp:term":[{"taxonomy":"category","embeddable":true,"href":"https:\/\/elluchador.info\/index.php?rest_route=%2Fwp%2Fv2%2Fcategories&post=268144"},{"taxonomy":"post_tag","embeddable":true,"href":"https:\/\/elluchador.info\/index.php?rest_route=%2Fwp%2Fv2%2Ftags&post=268144"}],"curies":[{"name":"wp","href":"https:\/\/api.w.org\/{rel}","templated":true}]}}