{"id":268905,"date":"2025-03-01T10:11:02","date_gmt":"2025-03-01T14:11:02","guid":{"rendered":"https:\/\/elluchador.info\/?p=268905"},"modified":"2025-03-01T10:11:07","modified_gmt":"2025-03-01T14:11:07","slug":"hamas-pide-presionar-a-israel-para-que-se-respete-el-acuerdo","status":"publish","type":"post","link":"https:\/\/elluchador.info\/?p=268905","title":{"rendered":"Ham\u00e1s pide presionar a Israel para que se respete el acuerdo"},"content":{"rendered":"\n<p>\u200eUno de los portavoces del movimiento palestino Ham\u00e1s, Hazem Qasem, confirm\u00f3 este s\u00e1bado en una entrevista con el canal de televisi\u00f3n Al Araby que el grupo islamista -considerado terrorista por la UE- rechaza la propuesta de Israel de extender la primera fase del acuerdo del alto el fuego en la Franja de Gaza porque considera que, con esa medida, \u00abevita comprometerse a poner fin a la guerra\u00bb.<br>\u200e<br>\u200e\u00bbProlongar la primera fase del acuerdo en el formato que Israel quiere es inaceptable para la organizaci\u00f3n\u00bb, dijo Qasem durante la entrevista.\u00a0<br>\u200e<br>\u200eLa primera fase del acuerdo de tregua, que entr\u00f3 en vigor el pasado 19 de enero, termina este s\u00e1bado despu\u00e9s de 42 d\u00edas durante los cuales Israel y Ham\u00e1s han intercambiado 33 rehenes (ocho de ellos muertos) por cerca de 1.800 presos palestinos.<br>\u200e<br>\u200eEn un comunicado, el grupo expres\u00f3 \u00absu pleno compromiso en implementar todas las provisiones del acuerdo en todas sus etapas y detalles\u00bb y reclam\u00f3 que se presione a Israel para iniciar la segunda fase \u00absin ning\u00fan retraso\u00bb.<br>\u200e<br>\u200eSeg\u00fan el acuerdo, ma\u00f1ana domingo deber\u00eda arrancar la segunda fase en la que Ham\u00e1s liberar\u00eda al resto de rehenes que todav\u00eda retiene e Israel excarcelar\u00eda a presos palestinos adem\u00e1s de retirar todas sus tropas de la Franja, incluido del corredor de Filadelfia, para dar paso al fin de la guerra.<br>\u200e<br>\u200eBassem Naieem, un alto cargo de Ham\u00e1s, insisti\u00f3 a la agencia espa\u00f1ola EFE que \u00absiguen comprometidos en implementar el acuerdo tal y como fue firmado por ambas partes\u00bb supervisado por los mediadores (Qatar, Egipto y Estados Unidos).<br>\u200e<br><strong><em>\u200e\u00bbConservar la opci\u00f3n de reanudar los combates\u201d<\/em><\/strong><br>\u200e<br>\u200e\u00bbIsrael busca devolver a los rehenes mientras conserva la opci\u00f3n de reanudar los combates en Gaza\u00bb, agreg\u00f3 el portavoz Qasem sobre la propuesta lanzada el viernes en El Cairo por la delegaci\u00f3n israel\u00ed, y que despu\u00e9s difundieron fuentes egipcias a medios, de extender 42 d\u00edas m\u00e1s la primera fase y mantener simplemente los intercambios de rehenes por presos.<br>\u200e<br>\u200eMedios israel\u00edes informaron que la delegaci\u00f3n israel\u00ed regres\u00f3 a Israel la noche del viernes y que la intenci\u00f3n era reanudar este s\u00e1bado las negociaciones sobre la fase dos de forma remota, si bien Qassem asegur\u00f3 que \u00abactualmente no hay conversaciones\u00bb. \u00abLa ocupaci\u00f3n es responsable del fracaso en el inicio de las negociaciones sobre la segunda fase\u00bb, critic\u00f3.<br>\u200e<br>\u200eCon informaci\u00f3n <strong><em>AFP<\/em><\/strong><\/p>\n","protected":false},"excerpt":{"rendered":"<p>\u200eUno de los portavoces del movimiento palestino Ham\u00e1s, Hazem Qasem, confirm\u00f3 este s\u00e1bado en una entrevista con el canal de televisi\u00f3n Al Araby que el grupo islamista -considerado terrorista por la UE- rechaza la propuesta de Israel de extender la primera fase del acuerdo del alto el fuego en la Franja de Gaza porque considera [&hellip;]<\/p>\n","protected":false},"author":33,"featured_media":268906,"comment_status":"open","ping_status":"open","sticky":false,"template":"","format":"standard","meta":{"footnotes":""},"categories":[8],"tags":[2175,2524,1540],"class_list":{"0":"post-268905","1":"post","2":"type-post","3":"status-publish","4":"format-standard","5":"has-post-thumbnail","7":"category-internacionales","8":"tag-conflictos","9":"tag-hamas-2","10":"tag-israel"},"_links":{"self":[{"href":"https:\/\/elluchador.info\/index.php?rest_route=\/wp\/v2\/posts\/268905","targetHints":{"allow":["GET"]}}],"collection":[{"href":"https:\/\/elluchador.info\/index.php?rest_route=\/wp\/v2\/posts"}],"about":[{"href":"https:\/\/elluchador.info\/index.php?rest_route=\/wp\/v2\/types\/post"}],"author":[{"embeddable":true,"href":"https:\/\/elluchador.info\/index.php?rest_route=\/wp\/v2\/users\/33"}],"replies":[{"embeddable":true,"href":"https:\/\/elluchador.info\/index.php?rest_route=%2Fwp%2Fv2%2Fcomments&post=268905"}],"version-history":[{"count":1,"href":"https:\/\/elluchador.info\/index.php?rest_route=\/wp\/v2\/posts\/268905\/revisions"}],"predecessor-version":[{"id":268907,"href":"https:\/\/elluchador.info\/index.php?rest_route=\/wp\/v2\/posts\/268905\/revisions\/268907"}],"wp:featuredmedia":[{"embeddable":true,"href":"https:\/\/elluchador.info\/index.php?rest_route=\/wp\/v2\/media\/268906"}],"wp:attachment":[{"href":"https:\/\/elluchador.info\/index.php?rest_route=%2Fwp%2Fv2%2Fmedia&parent=268905"}],"wp:term":[{"taxonomy":"category","embeddable":true,"href":"https:\/\/elluchador.info\/index.php?rest_route=%2Fwp%2Fv2%2Fcategories&post=268905"},{"taxonomy":"post_tag","embeddable":true,"href":"https:\/\/elluchador.info\/index.php?rest_route=%2Fwp%2Fv2%2Ftags&post=268905"}],"curies":[{"name":"wp","href":"https:\/\/api.w.org\/{rel}","templated":true}]}}