{"id":269340,"date":"2025-03-05T09:46:39","date_gmt":"2025-03-05T13:46:39","guid":{"rendered":"https:\/\/elluchador.info\/?p=269340"},"modified":"2025-03-05T09:46:43","modified_gmt":"2025-03-05T13:46:43","slug":"miercoles-de-ceniza-que-es-y-que-significa-este-dia","status":"publish","type":"post","link":"https:\/\/elluchador.info\/?p=269340","title":{"rendered":"Mi\u00e9rcoles de Ceniza: qu\u00e9 es y qu\u00e9 significa este d\u00eda"},"content":{"rendered":"\n<p>\u200eHoy mi\u00e9rcoles, 5 de marzo, es Mi\u00e9rcoles de Ceniza. Se trata de una celebraci\u00f3n lit\u00fargica cuya fecha va cambiando cada a\u00f1o, aunque siempre se sit\u00faa entre el 4 de febrero y el 10 de marzo.<br>\u200e<br>\u200eEl Mi\u00e9rcoles de Ceniza marca el inicio de la Cuaresma, la cuenta atr\u00e1s para el inicio de la Semana Santa. O lo que es lo mismo, los 40 d\u00edas previos (sin contar los domingos) a la resurrecci\u00f3n de Jes\u00fas.<br>\u200e<br><strong>\u200eOrigen del mi\u00e9rcoles de ceniza<br>\u200e<\/strong><br>\u200eEl g\u00e9nesis del Mi\u00e9rcoles de Ceniza se sit\u00faa en el siglo II, cuando los cristianos empezaron a prepararse para la Pascua con dos d\u00edas de ayuno y penitencia, procedimiento que fue extendi\u00e9ndose a toda la Semana Santa hasta que, en el a\u00f1o 325 (Concilio de Nicea), ya se estableci\u00f3 en 40 d\u00edas.<br>\u200e<br>\u200eDicha cifra tiene un significado especial para el cristianismo, coincidiendo con los 40 d\u00edas que Jes\u00fas pas\u00f3 en el desierto, los 40 a\u00f1os en el desierto del pueblo de Israel o los 40 d\u00edas de ayuno de Mois\u00e9s en el Sina\u00ed y de El\u00edas en el Horeb.<br>\u200e<br>\u200eComo recuerdan desde el Vaticano, al principio, la Cuaresma comenzaba seis domingos antes de la Pascua; pero como los domingos no se ayunaba, en el siglo V se procedi\u00f3 a separar el Jueves y el Viernes Santo del Triduo Pascual para contarlos como Cuaresma.<br>\u200e<br>\u200eM\u00e1s tarde, la Cuaresma se adelant\u00f3 cuatro d\u00edas, llegando as\u00ed al actual Mi\u00e9rcoles de Ceniza.<br>\u200e<br><strong>\u200eAyuno y abstinencia<br>\u200e<\/strong><br>\u200eSeg\u00fan la costumbre antigua, en ese d\u00eda de ayuno y abstinencia los fieles se acercan al altar antes de la misa para que el sacerdote les marque la se\u00f1al de la cruz en sus frentes con cenizas, obtenidas tras la quema de los restos de las palmas bendecidas el Domingo de Ramos del a\u00f1o anterior.<br>\u200e<br>\u200eDespu\u00e9s de que su pulgar haya marcado cada frente, el sacerdote entona: \u00abRecuerda, hombre, que polvo eres y al polvo volver\u00e1s\u00bb. Memento, homo, quia pulvis es, et in pulverem reverteris, un recuerdo sobre la mortalidad en la vida terrenal. \u00abConvi\u00e9rtete y cree en el Evangelio\u00bb, es otra f\u00f3rmula que puede emplear el celebrante. Y es que el signo se reconoce que el hombre es nada sin el auxilio de Dios.<br>\u200e<br>\u200eSiempre que la salud lo permita, el ayuno es obligatorio para los cristianos de entre 18 y 59 a\u00f1os.<br>\u200e<br>\u200eEntre las 6:00 y las 18:00 horas s\u00f3lo se puede beber agua, comer de forma ligera, evitando una de las comidas. Asimismo, durante la Cuaresma queda prohibido el consumo de carne roja en mayores de 14 a\u00f1os.<br>\u200e<br>\u200e<strong>PENITENCIA<\/strong><br>\u200e<br>\u200eEn sus or\u00edgenes, el inicio de la Cuaresma marcaba tambi\u00e9n el comienzo de la penitencia p\u00fablica de los culpables de delitos graves (apostas\u00eda, asesinato, adulterio).<br>\u200e<br>\u200e\u200eComo recuerdan en Vatican News: \u00abDespu\u00e9s de la imposici\u00f3n de la ceniza, recorr\u00edan la ciudad vestidos con ropas penitenciales, para recordar la expulsi\u00f3n del Para\u00edso. Estos penitentes celebraban la reconciliaci\u00f3n el Jueves Santo. Hacia finales del a\u00f1o mil, la pr\u00e1ctica de la penitencia p\u00fablica disminuy\u00f3, pero se mantuvo la imposici\u00f3n de la ceniza a todos los fieles\u00bb.<br>\u200e<br>\u200eHoy, la penitencia tiene que ver m\u00e1s con la reflexi\u00f3n que hace cada cat\u00f3lico para seguir a Jes\u00fas en su preparaci\u00f3n para su Pasi\u00f3n y Muerte.<br>\u200e<br>\u200eCon informaci\u00f3n <strong>Mundo.es<\/strong><\/p>\n","protected":false},"excerpt":{"rendered":"<p>\u200eHoy mi\u00e9rcoles, 5 de marzo, es Mi\u00e9rcoles de Ceniza. Se trata de una celebraci\u00f3n lit\u00fargica cuya fecha va cambiando cada a\u00f1o, aunque siempre se sit\u00faa entre el 4 de febrero y el 10 de marzo.\u200e\u200eEl Mi\u00e9rcoles de Ceniza marca el inicio de la Cuaresma, la cuenta atr\u00e1s para el inicio de la Semana Santa. O [&hellip;]<\/p>\n","protected":false},"author":33,"featured_media":269341,"comment_status":"open","ping_status":"open","sticky":false,"template":"","format":"standard","meta":{"footnotes":""},"categories":[3,5],"tags":[3107,954],"class_list":{"0":"post-269340","1":"post","2":"type-post","3":"status-publish","4":"format-standard","5":"has-post-thumbnail","7":"category-curiosidades","8":"category-destacado","9":"tag-miercoles-de-ceniza","10":"tag-semana-santa"},"_links":{"self":[{"href":"https:\/\/elluchador.info\/index.php?rest_route=\/wp\/v2\/posts\/269340","targetHints":{"allow":["GET"]}}],"collection":[{"href":"https:\/\/elluchador.info\/index.php?rest_route=\/wp\/v2\/posts"}],"about":[{"href":"https:\/\/elluchador.info\/index.php?rest_route=\/wp\/v2\/types\/post"}],"author":[{"embeddable":true,"href":"https:\/\/elluchador.info\/index.php?rest_route=\/wp\/v2\/users\/33"}],"replies":[{"embeddable":true,"href":"https:\/\/elluchador.info\/index.php?rest_route=%2Fwp%2Fv2%2Fcomments&post=269340"}],"version-history":[{"count":1,"href":"https:\/\/elluchador.info\/index.php?rest_route=\/wp\/v2\/posts\/269340\/revisions"}],"predecessor-version":[{"id":269342,"href":"https:\/\/elluchador.info\/index.php?rest_route=\/wp\/v2\/posts\/269340\/revisions\/269342"}],"wp:featuredmedia":[{"embeddable":true,"href":"https:\/\/elluchador.info\/index.php?rest_route=\/wp\/v2\/media\/269341"}],"wp:attachment":[{"href":"https:\/\/elluchador.info\/index.php?rest_route=%2Fwp%2Fv2%2Fmedia&parent=269340"}],"wp:term":[{"taxonomy":"category","embeddable":true,"href":"https:\/\/elluchador.info\/index.php?rest_route=%2Fwp%2Fv2%2Fcategories&post=269340"},{"taxonomy":"post_tag","embeddable":true,"href":"https:\/\/elluchador.info\/index.php?rest_route=%2Fwp%2Fv2%2Ftags&post=269340"}],"curies":[{"name":"wp","href":"https:\/\/api.w.org\/{rel}","templated":true}]}}