{"id":269397,"date":"2025-03-05T13:54:57","date_gmt":"2025-03-05T17:54:57","guid":{"rendered":"https:\/\/elluchador.info\/?p=269397"},"modified":"2025-03-05T13:54:59","modified_gmt":"2025-03-05T17:54:59","slug":"conozca-que-es-la-anosmia-y-como-afecta-la-salud","status":"publish","type":"post","link":"https:\/\/elluchador.info\/?p=269397","title":{"rendered":"Conozca qu\u00e9 es la anosmia y c\u00f3mo afecta la salud"},"content":{"rendered":"\n<p>El sentido del olfato desempe\u00f1a un papel fundamental en la vida cotidiana, permite percibir olores agradables, como el de una comida reci\u00e9n preparada, y alerta sobre situaciones peligrosas, como una fuga de gas o un incendio. <\/p>\n\n\n\n<p>Sin embargo, millones de personas en el mundo viven sin esta capacidad sensorial debido a la anosmia, una condici\u00f3n que provoca la p\u00e9rdida total o parcial del olfato y que, en muchos casos, est\u00e1 subdiagnosticada.<\/p>\n\n\n\n<p>La <em>otorrinolaring\u00f3loga <\/em>del Hospital Domingo Luciani, Salva Longaray defini\u00f3 este mal como la incapacidad del ser humano de percibir olores y es importante crear conciencia sobre esta condici\u00f3n, ya que reconocer sus s\u00edntomas y buscar apoyo puede marcar la diferencia; la educaci\u00f3n y el entendimiento son claves para ayudar a quienes la padecen. \u00abA diferencia de otras discapacidades sensoriales, la anosmia no suele recibir la misma atenci\u00f3n, aunque puede afectar significativamente el bienestar emocional y la seguridad de las personas\u00bb.<\/p>\n\n\n\n<p>Antes de la pandemia, la OMS indicaba que el 5% de la poblaci\u00f3n mundial padec\u00eda anosmia y entre el 15% y el 20% presentaba alteraciones en el sentido del olfato. Sin embargo, estas cifras podr\u00edan haber aumentado en los \u00faltimos a\u00f1os.<\/p>\n\n\n\n<p><strong>Causas m\u00e1s frecuentes de la anosmia<\/strong><\/p>\n\n\n\n<p>La anosmia puede tener m\u00faltiples causas, que van desde infecciones virales hasta traumatismos en la cabeza, trastornos neurol\u00f3gicos o el uso de ciertos medicamentos.<\/p>\n\n\n\n<p>Por su parte, la m\u00e9dica otorrinolaring\u00f3loga, doctora Stella Maris Cuevas, refiri\u00f3: que \u00abentre las principales causas de p\u00e9rdida de olfato (y gusto) se encuentra la poliposis nasal, una condici\u00f3n caracterizada por el desarrollo de p\u00f3lipos benignos en el interior de la nariz o en las zonas huecas dentro de los huesos de la cara, tambi\u00e9n conocidas como senos paranasales\u201d.<\/p>\n\n\n\n<p><strong>Impacto de la anosmia en la calidad de vida y la salud emocional<\/strong><\/p>\n\n\n\n<p>La p\u00e9rdida del olfato no solo impide disfrutar de los aromas cotidianos, sino que tambi\u00e9n afecta otros aspectos de la vida diaria, como la alimentaci\u00f3n y la seguridad personal. Seg\u00fan la doctora Cuevas, \u201cel olfato brinda el 80% del sabor, por lo que aquellas personas que tienen afectado el olfato muchas veces pierden el disfrute, por lo que comen o beben. Esta condici\u00f3n puede ocasionar una ingesta excesiva porque no sienten nada o disminuci\u00f3n del apetito y problemas nutricionales\u201d.<\/p>\n\n\n\n<p>Adem\u00e1s de las dificultades en la alimentaci\u00f3n, la anosmia puede provocar aislamiento social y depresi\u00f3n, ya que desconecta a las personas de experiencias sensoriales que forman parte de la vida cotidiana. <\/p>\n\n\n\n<p>Incluso, algunos estudios sugieren que la p\u00e9rdida del olfato afecta la memoria y las emociones debido a su estrecha relaci\u00f3n con el sistema l\u00edmbico, encargado de regular las respuestas emocionales.<\/p>\n\n\n\n<p>Con informaci\u00f3n <em><strong><mark style=\"background-color:rgba(0, 0, 0, 0)\" class=\"has-inline-color has-luminous-vivid-orange-color\">Agencias-.<\/mark><\/strong><\/em><\/p>\n","protected":false},"excerpt":{"rendered":"<p>El sentido del olfato desempe\u00f1a un papel fundamental en la vida cotidiana, permite percibir olores agradables, como el de una comida reci\u00e9n preparada, y alerta sobre situaciones peligrosas, como una fuga de gas o un incendio. Sin embargo, millones de personas en el mundo viven sin esta capacidad sensorial debido a la anosmia, una condici\u00f3n [&hellip;]<\/p>\n","protected":false},"author":33,"featured_media":269398,"comment_status":"open","ping_status":"open","sticky":false,"template":"","format":"standard","meta":{"footnotes":""},"categories":[19],"tags":[3111,1775],"class_list":{"0":"post-269397","1":"post","2":"type-post","3":"status-publish","4":"format-standard","5":"has-post-thumbnail","7":"category-salud","8":"tag-olfato","9":"tag-prevencion"},"_links":{"self":[{"href":"https:\/\/elluchador.info\/index.php?rest_route=\/wp\/v2\/posts\/269397","targetHints":{"allow":["GET"]}}],"collection":[{"href":"https:\/\/elluchador.info\/index.php?rest_route=\/wp\/v2\/posts"}],"about":[{"href":"https:\/\/elluchador.info\/index.php?rest_route=\/wp\/v2\/types\/post"}],"author":[{"embeddable":true,"href":"https:\/\/elluchador.info\/index.php?rest_route=\/wp\/v2\/users\/33"}],"replies":[{"embeddable":true,"href":"https:\/\/elluchador.info\/index.php?rest_route=%2Fwp%2Fv2%2Fcomments&post=269397"}],"version-history":[{"count":1,"href":"https:\/\/elluchador.info\/index.php?rest_route=\/wp\/v2\/posts\/269397\/revisions"}],"predecessor-version":[{"id":269399,"href":"https:\/\/elluchador.info\/index.php?rest_route=\/wp\/v2\/posts\/269397\/revisions\/269399"}],"wp:featuredmedia":[{"embeddable":true,"href":"https:\/\/elluchador.info\/index.php?rest_route=\/wp\/v2\/media\/269398"}],"wp:attachment":[{"href":"https:\/\/elluchador.info\/index.php?rest_route=%2Fwp%2Fv2%2Fmedia&parent=269397"}],"wp:term":[{"taxonomy":"category","embeddable":true,"href":"https:\/\/elluchador.info\/index.php?rest_route=%2Fwp%2Fv2%2Fcategories&post=269397"},{"taxonomy":"post_tag","embeddable":true,"href":"https:\/\/elluchador.info\/index.php?rest_route=%2Fwp%2Fv2%2Ftags&post=269397"}],"curies":[{"name":"wp","href":"https:\/\/api.w.org\/{rel}","templated":true}]}}