{"id":269438,"date":"2025-03-05T19:58:40","date_gmt":"2025-03-05T23:58:40","guid":{"rendered":"https:\/\/elluchador.info\/?p=269438"},"modified":"2025-03-05T19:58:44","modified_gmt":"2025-03-05T23:58:44","slug":"macron-no-descarta-desplegar-tropas-europeas-en-ucrania","status":"publish","type":"post","link":"https:\/\/elluchador.info\/?p=269438","title":{"rendered":"Macron no descarta desplegar tropas europeas en Ucrania"},"content":{"rendered":"\n<p>\u200eEl presidente franc\u00e9s, Emmanuel Macron, no ha descartado desplegar fuerzas europeas en Ucrania \u00abuna vez firmada la paz\u00bb.<br>\u200e<br>\u200eLa paz en Ucrania \u00abrequerir\u00e1 quiz\u00e1s el despliegue de fuerzas europeas\u00bb, declar\u00f3 el mandatario durante su discurso, a\u00f1adiendo que estas fuerzas \u00abno ir\u00edan a luchar hoy en el frente, sino que estar\u00edan all\u00ed una vez firmada la paz para garantizar su pleno respeto\u00bb.<br>\u200e<br>\u200eAsimismo, Macron anunci\u00f3 que la pr\u00f3xima semana se reunir\u00e1 en Par\u00eds con los jefes de Estado Mayor europeos que \u00abdeseen asumir responsabilidades al respecto\u00bb.<br>\u200e<br>\u200eAl mismo tiempo, el l\u00edder franc\u00e9s se opuso a un alto el fuego que sea \u00abdemasiado fr\u00e1gil\u00bb en Ucrania, indicando que la paz \u00abno puede construirse a cualquier precio y bajo el dictado ruso, y no puede ser la capitulaci\u00f3n\u00bb de Kiev.<br>\u200e<br><strong>\u200e\u00bbNueva era\u00bb sin EE.UU<\/strong>.<br>\u200e<br>\u200eMacron tambi\u00e9n se\u00f1al\u00f3 que empieza \u00abuna nueva era\u00bb, lamentando que Washington, uno de los principales aliados de Par\u00eds, ha cambiado su posici\u00f3n sobre el conflicto ruso-ucraniano. \u00abApoya menos a Ucrania y arroja dudas sobre lo que ocurrir\u00e1 despu\u00e9s\u00bb, subray\u00f3.<br>\u200e<br>\u200eSeg\u00fan el mandatario franc\u00e9s, la seguridad de Europa se ha vuelto m\u00e1s incierta. \u00abNuestra seguridad y nuestra prosperidad se han vuelto m\u00e1s inciertas, y hay que decirlo: entramos en una nueva era\u00bb, dijo.<br>\u200e<br>\u200e\u00bbQuiero creer que Estados Unidos estar\u00e1 a nuestro lado, pero tenemos que estar preparados si no es as\u00ed\u00bb, apunt\u00f3 Macron. \u00abTanto si la paz en Ucrania se logra r\u00e1pidamente como si no, los Estados europeos deben ser capaces de defenderse mejor o de disuadir de nuevas acciones\u00bb, agreg\u00f3, instando a las naciones europeas a reforzar su defensa. \u00abComo tal, seguimos vinculados a la OTAN, pero debemos reforzar nuestra independencia\u00bb, concluy\u00f3.<br>\u200e<br>\u200eCon informaci\u00f3n <strong><em>Actualidad RT<\/em><\/strong><\/p>\n","protected":false},"excerpt":{"rendered":"<p>\u200eEl presidente franc\u00e9s, Emmanuel Macron, no ha descartado desplegar fuerzas europeas en Ucrania \u00abuna vez firmada la paz\u00bb.\u200e\u200eLa paz en Ucrania \u00abrequerir\u00e1 quiz\u00e1s el despliegue de fuerzas europeas\u00bb, declar\u00f3 el mandatario durante su discurso, a\u00f1adiendo que estas fuerzas \u00abno ir\u00edan a luchar hoy en el frente, sino que estar\u00edan all\u00ed una vez firmada la paz [&hellip;]<\/p>\n","protected":false},"author":33,"featured_media":269439,"comment_status":"open","ping_status":"open","sticky":false,"template":"","format":"standard","meta":{"footnotes":""},"categories":[8],"tags":[708,791],"class_list":{"0":"post-269438","1":"post","2":"type-post","3":"status-publish","4":"format-standard","5":"has-post-thumbnail","7":"category-internacionales","8":"tag-francia","9":"tag-ucrania"},"_links":{"self":[{"href":"https:\/\/elluchador.info\/index.php?rest_route=\/wp\/v2\/posts\/269438","targetHints":{"allow":["GET"]}}],"collection":[{"href":"https:\/\/elluchador.info\/index.php?rest_route=\/wp\/v2\/posts"}],"about":[{"href":"https:\/\/elluchador.info\/index.php?rest_route=\/wp\/v2\/types\/post"}],"author":[{"embeddable":true,"href":"https:\/\/elluchador.info\/index.php?rest_route=\/wp\/v2\/users\/33"}],"replies":[{"embeddable":true,"href":"https:\/\/elluchador.info\/index.php?rest_route=%2Fwp%2Fv2%2Fcomments&post=269438"}],"version-history":[{"count":1,"href":"https:\/\/elluchador.info\/index.php?rest_route=\/wp\/v2\/posts\/269438\/revisions"}],"predecessor-version":[{"id":269440,"href":"https:\/\/elluchador.info\/index.php?rest_route=\/wp\/v2\/posts\/269438\/revisions\/269440"}],"wp:featuredmedia":[{"embeddable":true,"href":"https:\/\/elluchador.info\/index.php?rest_route=\/wp\/v2\/media\/269439"}],"wp:attachment":[{"href":"https:\/\/elluchador.info\/index.php?rest_route=%2Fwp%2Fv2%2Fmedia&parent=269438"}],"wp:term":[{"taxonomy":"category","embeddable":true,"href":"https:\/\/elluchador.info\/index.php?rest_route=%2Fwp%2Fv2%2Fcategories&post=269438"},{"taxonomy":"post_tag","embeddable":true,"href":"https:\/\/elluchador.info\/index.php?rest_route=%2Fwp%2Fv2%2Ftags&post=269438"}],"curies":[{"name":"wp","href":"https:\/\/api.w.org\/{rel}","templated":true}]}}