{"id":269459,"date":"2025-03-06T10:38:17","date_gmt":"2025-03-06T14:38:17","guid":{"rendered":"https:\/\/elluchador.info\/?p=269459"},"modified":"2025-03-06T10:38:21","modified_gmt":"2025-03-06T14:38:21","slug":"mas-de-2-mil-700-salas-del-sistema-del-gobierno-popular-han-sido-instaladas","status":"publish","type":"post","link":"https:\/\/elluchador.info\/?p=269459","title":{"rendered":"M\u00e1s de 2 mil 700 salas del Sistema del Gobierno Popular han sido instaladas"},"content":{"rendered":"\n<p>\u201cSe han instalado m\u00e1s de dos mil setecientas veintiuna salas del Sistema del Gobierno Popular que est\u00e1n conectadas directamente con la vecina, el vecino, nosotros que activar permanentemente las consultas de todos los temas\u201d, inform\u00f3 el presidente de la Rep\u00fablica Bolivariana de Venezuela durante una asamblea realizada en la Comuna Panal 21, ubicada en el 23 de Enero.<\/p>\n\n\n\n<p>El jefe de Estado adem\u00e1s exhort\u00f3 al poder popular y a todo el gabinete nacional a llegar a la meta de cinco mil trescientas treinta y ocho salas del Sistema del Gobierno Popular en el territorio nacional.<\/p>\n\n\n\n<p>Por otro lado, anunci\u00f3, que tambi\u00e9n se encuentran instalados en comunas y circuitos comunales dos mil cuatrocientos veintinueve Gobiernos Comunales o Gobiernos Territoriales. \u201cTenemos que avanzar en esas dos metas\u2026 Debemos concentrar esfuerzo. Yo pido el m\u00e1ximo apoyo a todas las estructuras sociales, pol\u00edticas, a las alcald\u00edas, a las gobernaciones.\u201d<\/p>\n\n\n\n<p>Al mismo tiempo, llamo a respetar la autonom\u00eda, la naturaleza y el funcionamiento de los Circuitos Comunales y las Comunas, \u201cCuando digo apoyo, digo facilitaci\u00f3n para que se instalen los Gobiernos Comunales.\u201d<\/p>\n\n\n\n<p><em><strong>Con informaci\u00f3n de VTV<\/strong><\/em><\/p>\n","protected":false},"excerpt":{"rendered":"<p>\u201cSe han instalado m\u00e1s de dos mil setecientas veintiuna salas del Sistema del Gobierno Popular que est\u00e1n conectadas directamente con la vecina, el vecino, nosotros que activar permanentemente las consultas de todos los temas\u201d, inform\u00f3 el presidente de la Rep\u00fablica Bolivariana de Venezuela durante una asamblea realizada en la Comuna Panal 21, ubicada en el [&hellip;]<\/p>\n","protected":false},"author":2,"featured_media":269460,"comment_status":"open","ping_status":"open","sticky":false,"template":"","format":"standard","meta":{"footnotes":""},"categories":[11],"tags":[],"class_list":{"0":"post-269459","1":"post","2":"type-post","3":"status-publish","4":"format-standard","5":"has-post-thumbnail","7":"category-politica"},"_links":{"self":[{"href":"https:\/\/elluchador.info\/index.php?rest_route=\/wp\/v2\/posts\/269459","targetHints":{"allow":["GET"]}}],"collection":[{"href":"https:\/\/elluchador.info\/index.php?rest_route=\/wp\/v2\/posts"}],"about":[{"href":"https:\/\/elluchador.info\/index.php?rest_route=\/wp\/v2\/types\/post"}],"author":[{"embeddable":true,"href":"https:\/\/elluchador.info\/index.php?rest_route=\/wp\/v2\/users\/2"}],"replies":[{"embeddable":true,"href":"https:\/\/elluchador.info\/index.php?rest_route=%2Fwp%2Fv2%2Fcomments&post=269459"}],"version-history":[{"count":1,"href":"https:\/\/elluchador.info\/index.php?rest_route=\/wp\/v2\/posts\/269459\/revisions"}],"predecessor-version":[{"id":269461,"href":"https:\/\/elluchador.info\/index.php?rest_route=\/wp\/v2\/posts\/269459\/revisions\/269461"}],"wp:featuredmedia":[{"embeddable":true,"href":"https:\/\/elluchador.info\/index.php?rest_route=\/wp\/v2\/media\/269460"}],"wp:attachment":[{"href":"https:\/\/elluchador.info\/index.php?rest_route=%2Fwp%2Fv2%2Fmedia&parent=269459"}],"wp:term":[{"taxonomy":"category","embeddable":true,"href":"https:\/\/elluchador.info\/index.php?rest_route=%2Fwp%2Fv2%2Fcategories&post=269459"},{"taxonomy":"post_tag","embeddable":true,"href":"https:\/\/elluchador.info\/index.php?rest_route=%2Fwp%2Fv2%2Ftags&post=269459"}],"curies":[{"name":"wp","href":"https:\/\/api.w.org\/{rel}","templated":true}]}}