{"id":269652,"date":"2025-03-07T16:38:28","date_gmt":"2025-03-07T20:38:28","guid":{"rendered":"https:\/\/elluchador.info\/?p=269652"},"modified":"2025-03-07T16:38:38","modified_gmt":"2025-03-07T20:38:38","slug":"lady-gaga-regresa-al-pop-oscuro-con-mayhem","status":"publish","type":"post","link":"https:\/\/elluchador.info\/?p=269652","title":{"rendered":"Lady Gaga regresa al \u00abpop oscuro\u00bb con Mayhem"},"content":{"rendered":"\n<p>Se acab\u00f3 la espera. La cantante estadounidense\u00a0<strong>Lady Gaga<\/strong>\u00a0estren\u00f3\u00a0<em><strong>Mayhem<\/strong><\/em>, una obra que describe como un reflejo de la integraci\u00f3n entre su faceta art\u00edstica y su ser real, todo enmarcado en\u00a0<strong>el caracter\u00edstico sonido del \u00abpop oscuro\u00bb<\/strong>\u00a0que la catapult\u00f3 al \u00e9xito en sus primeros a\u00f1os en la industria musical.<\/p>\n\n\n\n<p id=\"m148-147-149\">Durante una rueda de prensa en Brooklyn (Nueva York), transmitida por el canal de&nbsp;<strong>YouTube<\/strong>&nbsp;de&nbsp;<strong>Spotify<\/strong>, la galardonada artista comparti\u00f3 sus impresiones sobre el disco.<\/p>\n\n\n\n<p>\u00abCreo que para m\u00ed\u00a0este \u00e1lbum es realmente la integraci\u00f3n de qui\u00e9n soy en la vida real y qui\u00e9n soy en el escenario, y c\u00f3mo comenc\u00e9 a celebrar la uni\u00f3n de esas dos cosas\u00bb.<\/p>\n\n\n\n<p>La artista destac\u00f3 que, tras un largo camino, ahora se siente \u00absegura\u00bb para regresar a ese sonido que marc\u00f3 su identidad musical en sus primeros trabajos.<\/p>\n\n\n\n<p id=\"m185-184-186\">\u00abMe he convertido en personajes a trav\u00e9s de la m\u00fasica, y todav\u00eda lo hago. Pero ahora he aprendido a no dejar que me domine por completo\u00bb, explic\u00f3.<\/p>\n\n\n\n<p>Hizo referencia al proceso de&nbsp;<strong>evoluci\u00f3n personal y art\u00edstica<\/strong>&nbsp;que ha vivido. La cantante tambi\u00e9n aprovech\u00f3 para disculparse con sus seguidores por haberse distanciado de este estilo musical, reconociendo que fue un \u00abproceso duro\u00bb.<\/p>\n\n\n\n<figure class=\"wp-block-embed is-type-video is-provider-youtube wp-block-embed-youtube wp-embed-aspect-4-3 wp-has-aspect-ratio\"><div class=\"wp-block-embed__wrapper\">\n<iframe loading=\"lazy\" title=\"Lady Gaga - Abracadabra (Official Music Video)\" width=\"696\" height=\"522\" src=\"https:\/\/www.youtube.com\/embed\/vBynw9Isr28?feature=oembed\" frameborder=\"0\" allow=\"accelerometer; autoplay; clipboard-write; encrypted-media; gyroscope; picture-in-picture; web-share\" referrerpolicy=\"strict-origin-when-cross-origin\" allowfullscreen><\/iframe>\n<\/div><\/figure>\n\n\n\n<h2 class=\"wp-block-heading\">El caos personal de Lady Gaga<\/h2>\n\n\n\n<p id=\"m200-199-201\">En cuanto a la creaci\u00f3n del \u00e1lbum,&nbsp;<strong>Gaga revel\u00f3 que la inspiraci\u00f3n detr\u00e1s de&nbsp;<em>Mayhem<\/em>&nbsp;fue precisamente la mujer que el mundo ha conocido en los \u00faltimos 20 a\u00f1os.<\/strong><\/p>\n\n\n\n<p>\u00abEste disco es una mezcla de la suavidad de lo que soy por dentro y la intensidad que me gusta aportar a mi m\u00fasica y mis actuaciones\u00bb, se\u00f1al\u00f3. La cantante a\u00f1adi\u00f3 que el \u00e1lbum refleja de manera honesta su \u00abcaos personal\u00bb, mostrando una versi\u00f3n m\u00e1s aut\u00e9ntica y cruda de s\u00ed misma.<\/p>\n\n\n\n<p>Adem\u00e1s, la artista confirm\u00f3 que los fan\u00e1ticos pueden esperar una continuaci\u00f3n de<strong>\u00a0\u00abTelephone\u00bb<\/strong>,<strong>\u00a0su ic\u00f3nica colaboraci\u00f3n con\u00a0Beyonc\u00e9<\/strong>, lanzada hace ya 14 a\u00f1os.<\/p>\n\n\n\n<p>No solo su m\u00fasica est\u00e1 en la mira: la cantante tambi\u00e9n confes\u00f3 que le \u00abencantar\u00eda\u00bb escribir un musical y que uno de sus sue\u00f1os es obtener un premio Tony. Lady Gaga, cuya carrera ha abarcado tanto la m\u00fasica como la actuaci\u00f3n, sigue sorprendiendo con su versatilidad y sus ambiciosos proyectos en la&nbsp;<strong>industria del entretenimiento<\/strong>.<\/p>\n\n\n\n<p><strong><em>Con informaci\u00f3n de EN.<\/em><\/strong><\/p>\n","protected":false},"excerpt":{"rendered":"<p>Se acab\u00f3 la espera. La cantante estadounidense\u00a0Lady Gaga\u00a0estren\u00f3\u00a0Mayhem, una obra que describe como un reflejo de la integraci\u00f3n entre su faceta art\u00edstica y su ser real, todo enmarcado en\u00a0el caracter\u00edstico sonido del \u00abpop oscuro\u00bb\u00a0que la catapult\u00f3 al \u00e9xito en sus primeros a\u00f1os en la industria musical. Durante una rueda de prensa en Brooklyn (Nueva York), [&hellip;]<\/p>\n","protected":false},"author":2,"featured_media":269654,"comment_status":"open","ping_status":"open","sticky":false,"template":"","format":"standard","meta":{"footnotes":""},"categories":[7],"tags":[],"class_list":{"0":"post-269652","1":"post","2":"type-post","3":"status-publish","4":"format-standard","5":"has-post-thumbnail","7":"category-entretenimiento"},"_links":{"self":[{"href":"https:\/\/elluchador.info\/index.php?rest_route=\/wp\/v2\/posts\/269652","targetHints":{"allow":["GET"]}}],"collection":[{"href":"https:\/\/elluchador.info\/index.php?rest_route=\/wp\/v2\/posts"}],"about":[{"href":"https:\/\/elluchador.info\/index.php?rest_route=\/wp\/v2\/types\/post"}],"author":[{"embeddable":true,"href":"https:\/\/elluchador.info\/index.php?rest_route=\/wp\/v2\/users\/2"}],"replies":[{"embeddable":true,"href":"https:\/\/elluchador.info\/index.php?rest_route=%2Fwp%2Fv2%2Fcomments&post=269652"}],"version-history":[{"count":1,"href":"https:\/\/elluchador.info\/index.php?rest_route=\/wp\/v2\/posts\/269652\/revisions"}],"predecessor-version":[{"id":269656,"href":"https:\/\/elluchador.info\/index.php?rest_route=\/wp\/v2\/posts\/269652\/revisions\/269656"}],"wp:featuredmedia":[{"embeddable":true,"href":"https:\/\/elluchador.info\/index.php?rest_route=\/wp\/v2\/media\/269654"}],"wp:attachment":[{"href":"https:\/\/elluchador.info\/index.php?rest_route=%2Fwp%2Fv2%2Fmedia&parent=269652"}],"wp:term":[{"taxonomy":"category","embeddable":true,"href":"https:\/\/elluchador.info\/index.php?rest_route=%2Fwp%2Fv2%2Fcategories&post=269652"},{"taxonomy":"post_tag","embeddable":true,"href":"https:\/\/elluchador.info\/index.php?rest_route=%2Fwp%2Fv2%2Ftags&post=269652"}],"curies":[{"name":"wp","href":"https:\/\/api.w.org\/{rel}","templated":true}]}}