{"id":269713,"date":"2025-03-08T11:49:19","date_gmt":"2025-03-08T15:49:19","guid":{"rendered":"https:\/\/elluchador.info\/?p=269713"},"modified":"2025-03-08T11:49:24","modified_gmt":"2025-03-08T15:49:24","slug":"mp-crea-nueva-direccion-para-disminuir-accidentes-viales","status":"publish","type":"post","link":"https:\/\/elluchador.info\/?p=269713","title":{"rendered":"MP crea nueva direcci\u00f3n para disminuir accidentes viales"},"content":{"rendered":"\n<p>El fiscal general, Tarek William Saab, inform\u00f3 este viernes que se cre\u00f3 una nueva direcci\u00f3n que tendr\u00e1 como objetivo reforzar la conciencia vial y disminuir los accidentes en las carreteras.<\/p>\n\n\n\n<p>\u201cMe di cuenta de que los \u00edndices de v\u00edctimas mortales por accidentes de tr\u00e1nsito se han duplicado enormemente entre 2020 y 2024, particularmente en el caso de las motocicletas, donde pasamos de un 13 % a un 36 % de fallecidos\u00bb, afirm\u00f3 Saab.<\/p>\n\n\n\n<p>Asimismo, precis\u00f3 que aunque se ha logrado reducir los homicidios y delitos comunes en 90%, los accidentes viales contin\u00faan siendo una problem\u00e1tica.<\/p>\n\n\n\n<p>El fiscal invit\u00f3 a gobernadores, alcaldes y dem\u00e1s autoridades nacionales a que brinden su apoyo a dicha iniciativa por medio de jornadas de prevenci\u00f3n, se\u00f1alizaci\u00f3n y fortalecimiento de los organismos viales. Una de las medidas propuesta es la de la colocaci\u00f3n de pancartas y vallas, adem\u00e1s de una mayor presencia de agentes de tr\u00e1nsito en las v\u00edas.<\/p>\n\n\n\n<p>\u201cEs inaceptable que, mientras hemos logrado avances significativos en la reducci\u00f3n de la delincuencia com\u00fan, los accidentes de tr\u00e1nsito sigan cobrando vidas. Necesitamos trabajar juntos para prevenir estas tragedias\u201d, a\u00f1adi\u00f3.<\/p>\n\n\n\n<p>Con informaci\u00f3n <strong><em><mark style=\"background-color:rgba(0, 0, 0, 0)\" class=\"has-inline-color has-vivid-red-color\">Sumarium<\/mark><\/em><\/strong><\/p>\n","protected":false},"excerpt":{"rendered":"<p>El fiscal general, Tarek William Saab, inform\u00f3 este viernes que se cre\u00f3 una nueva direcci\u00f3n que tendr\u00e1 como objetivo reforzar la conciencia vial y disminuir los accidentes en las carreteras. \u201cMe di cuenta de que los \u00edndices de v\u00edctimas mortales por accidentes de tr\u00e1nsito se han duplicado enormemente entre 2020 y 2024, particularmente en el [&hellip;]<\/p>\n","protected":false},"author":33,"featured_media":269714,"comment_status":"open","ping_status":"open","sticky":false,"template":"","format":"standard","meta":{"footnotes":""},"categories":[5,9],"tags":[3126,105],"class_list":{"0":"post-269713","1":"post","2":"type-post","3":"status-publish","4":"format-standard","5":"has-post-thumbnail","7":"category-destacado","8":"category-nacionales","9":"tag-accidentes-viales","10":"tag-venezuela"},"_links":{"self":[{"href":"https:\/\/elluchador.info\/index.php?rest_route=\/wp\/v2\/posts\/269713","targetHints":{"allow":["GET"]}}],"collection":[{"href":"https:\/\/elluchador.info\/index.php?rest_route=\/wp\/v2\/posts"}],"about":[{"href":"https:\/\/elluchador.info\/index.php?rest_route=\/wp\/v2\/types\/post"}],"author":[{"embeddable":true,"href":"https:\/\/elluchador.info\/index.php?rest_route=\/wp\/v2\/users\/33"}],"replies":[{"embeddable":true,"href":"https:\/\/elluchador.info\/index.php?rest_route=%2Fwp%2Fv2%2Fcomments&post=269713"}],"version-history":[{"count":1,"href":"https:\/\/elluchador.info\/index.php?rest_route=\/wp\/v2\/posts\/269713\/revisions"}],"predecessor-version":[{"id":269715,"href":"https:\/\/elluchador.info\/index.php?rest_route=\/wp\/v2\/posts\/269713\/revisions\/269715"}],"wp:featuredmedia":[{"embeddable":true,"href":"https:\/\/elluchador.info\/index.php?rest_route=\/wp\/v2\/media\/269714"}],"wp:attachment":[{"href":"https:\/\/elluchador.info\/index.php?rest_route=%2Fwp%2Fv2%2Fmedia&parent=269713"}],"wp:term":[{"taxonomy":"category","embeddable":true,"href":"https:\/\/elluchador.info\/index.php?rest_route=%2Fwp%2Fv2%2Fcategories&post=269713"},{"taxonomy":"post_tag","embeddable":true,"href":"https:\/\/elluchador.info\/index.php?rest_route=%2Fwp%2Fv2%2Ftags&post=269713"}],"curies":[{"name":"wp","href":"https:\/\/api.w.org\/{rel}","templated":true}]}}