{"id":269728,"date":"2025-03-08T12:51:11","date_gmt":"2025-03-08T16:51:11","guid":{"rendered":"https:\/\/elluchador.info\/?p=269728"},"modified":"2025-03-08T12:58:47","modified_gmt":"2025-03-08T16:58:47","slug":"albania-anuncia-el-cierre-de-tiktok-por-un-ano","status":"publish","type":"post","link":"https:\/\/elluchador.info\/?p=269728","title":{"rendered":"Albania anuncia el cierre de TikTok por un a\u00f1o"},"content":{"rendered":"\n<p>El gobierno de Albania anunci\u00f3 que en los pr\u00f3ximos d\u00edas cerrar\u00e1 la plataforma TikTok durante un a\u00f1o, esta decisi\u00f3n la tom\u00f3 en diciembre, luego de que se presentaran irregularidades con la poblaci\u00f3n infantil.<\/p>\n\n\n\n<p>En este sentido, la ministra de Educaci\u00f3n del pa\u00eds, Ogerta Manastirliu dijo que la empresa debe implementar ciertas restricciones relacionadas con la seguridad infantil.<\/p>\n\n\n\n<p>La aprobaci\u00f3n de la medida se produjo tras consultas con unos 65.000 padres, muchos de los cuales \u00abrecomendaron cerrar o restringir\u00bb la plataforma.<\/p>\n\n\n\n<p>Seg\u00fan indic\u00f3 la ministra, ese lapso le permitir\u00e1 a las autoridades locales \u00abtomar medidas temporales para evitar los impactos negativos de TikTok\u00bb. En este sentido, detall\u00f3 que se negocia con los representantes de la compa\u00f1\u00eda para implementar medidas de control y filtros en idioma alban\u00e9s a fin de regular el acceso en funci\u00f3n de la edad, y as\u00ed evitar \u00abque se promuevan conductas no deseadas\u00bb.<\/p>\n\n\n\n<p>La decisi\u00f3n del Consejo de Ministros sobre TikTok establece que el cierre durar\u00e1 hasta que la empresa implemente filtros que permitan evitar contenidos violentos o relacionados con acoso (bullying), especialmente entre los ni\u00f1os. Despu\u00e9s que la plataforma haya implementado las modificaciones necesarias, se podr\u00e1n imponer nuevas medidas o revisar las existentes.<\/p>\n\n\n\n<p>Con informaci\u00f3n <strong><em><mark style=\"background-color:rgba(0, 0, 0, 0)\" class=\"has-inline-color has-pale-cyan-blue-color\">Agencias.-<\/mark><\/em><\/strong><\/p>\n","protected":false},"excerpt":{"rendered":"<p>El gobierno de Albania anunci\u00f3 que en los pr\u00f3ximos d\u00edas cerrar\u00e1 la plataforma TikTok durante un a\u00f1o, esta decisi\u00f3n la tom\u00f3 en diciembre, luego de que se presentaran irregularidades con la poblaci\u00f3n infantil. En este sentido, la ministra de Educaci\u00f3n del pa\u00eds, Ogerta Manastirliu dijo que la empresa debe implementar ciertas restricciones relacionadas con la [&hellip;]<\/p>\n","protected":false},"author":33,"featured_media":269729,"comment_status":"open","ping_status":"open","sticky":false,"template":"","format":"standard","meta":{"footnotes":""},"categories":[14],"tags":[3132,600],"class_list":{"0":"post-269728","1":"post","2":"type-post","3":"status-publish","4":"format-standard","5":"has-post-thumbnail","7":"category-tecnologia","8":"tag-albania","9":"tag-tiktok"},"_links":{"self":[{"href":"https:\/\/elluchador.info\/index.php?rest_route=\/wp\/v2\/posts\/269728","targetHints":{"allow":["GET"]}}],"collection":[{"href":"https:\/\/elluchador.info\/index.php?rest_route=\/wp\/v2\/posts"}],"about":[{"href":"https:\/\/elluchador.info\/index.php?rest_route=\/wp\/v2\/types\/post"}],"author":[{"embeddable":true,"href":"https:\/\/elluchador.info\/index.php?rest_route=\/wp\/v2\/users\/33"}],"replies":[{"embeddable":true,"href":"https:\/\/elluchador.info\/index.php?rest_route=%2Fwp%2Fv2%2Fcomments&post=269728"}],"version-history":[{"count":1,"href":"https:\/\/elluchador.info\/index.php?rest_route=\/wp\/v2\/posts\/269728\/revisions"}],"predecessor-version":[{"id":269730,"href":"https:\/\/elluchador.info\/index.php?rest_route=\/wp\/v2\/posts\/269728\/revisions\/269730"}],"wp:featuredmedia":[{"embeddable":true,"href":"https:\/\/elluchador.info\/index.php?rest_route=\/wp\/v2\/media\/269729"}],"wp:attachment":[{"href":"https:\/\/elluchador.info\/index.php?rest_route=%2Fwp%2Fv2%2Fmedia&parent=269728"}],"wp:term":[{"taxonomy":"category","embeddable":true,"href":"https:\/\/elluchador.info\/index.php?rest_route=%2Fwp%2Fv2%2Fcategories&post=269728"},{"taxonomy":"post_tag","embeddable":true,"href":"https:\/\/elluchador.info\/index.php?rest_route=%2Fwp%2Fv2%2Ftags&post=269728"}],"curies":[{"name":"wp","href":"https:\/\/api.w.org\/{rel}","templated":true}]}}