{"id":270151,"date":"2025-03-17T18:09:39","date_gmt":"2025-03-17T22:09:39","guid":{"rendered":"https:\/\/elluchador.info\/?p=270151"},"modified":"2025-03-17T18:09:41","modified_gmt":"2025-03-17T22:09:41","slug":"lionel-messi-no-jugara-con-argentina-en-las-eliminatorias","status":"publish","type":"post","link":"https:\/\/elluchador.info\/?p=270151","title":{"rendered":"Lionel Messi no jugar\u00e1 con Argentina en las Eliminatorias"},"content":{"rendered":"\n<p>La selecci\u00f3n argentina de f\u00fatbol public\u00f3 este lunes la lista de convocados para la doble fecha de Eliminatorias Sudamericanas rumbo al Mundial de Canad\u00e1, Estados Unidos y M\u00e9xico 2026, donde destaca la baja del delantero del Inter Miami, Lionel Messi.<\/p>\n\n\n\n<p>A trav\u00e9s de las redes sociales de la Asociaci\u00f3n de F\u00fatbol Argentino (AFA) se dio a conocer la lista de citados para los partidos de clasificaci\u00f3n mundialista ante Uruguay y Brasil, donde la ausencia del nombre del atacante con pasado en FC Barcelona y Par\u00eds Saint-Germain (PSG), fue producto de una lesi\u00f3n muscular en el aductor izquierdo tras sufrir un golpe el pasado domingo en la victoria de su equipo ante Atlanta United por la Major League Soccer (MLS).<\/p>\n\n\n\n<p>De igual forma, se dio a conocer que las otras bajas del cuadro gaucho por problemas f\u00edsicos son el defensor Gonzalo Montiel, el mediocampista Giovani Lo Celso y el delantero Paulo Dybala, as\u00ed como fueron descartados por decisi\u00f3n t\u00e9cnica jugadores como Claudio Echeveri y Alejandro Garnacho.<\/p>\n\n\n\n<p>Asimismo, se inform\u00f3 que solo el mediocampista de River Plate, Germ\u00e1n Pezzela, fue el \u00fanico futbolista del torneo local en formar parte de la lista de 26 citados por el entrenador Lionel Scaloni para afrontar esta doble jornada de eliminatorias.<\/p>\n\n\n\n<p>Cabe destacar que el combinado albiceleste es primera de la clasificaci\u00f3n sudamericana con 25 puntos, producto de ocho victorias, un empate y tres derrotas, y en esta doble fecha visitar\u00e1 primero a la selecci\u00f3n Uruguaya en el Estadio Centenario de Montevideo para una nueva edici\u00f3n del Cl\u00e1sico del R\u00edo de La Plata el pr\u00f3ximo viernes 21 de marzo, mientras que posteriormente recibir\u00e1 al combinado brasile\u00f1o en el Estadio Monumental de Buenos Aires en el Cl\u00e1sico de las Am\u00e9ricas.<\/p>\n\n\n\n<p>Con informaci\u00f3n <strong><em><mark style=\"background-color:rgba(0, 0, 0, 0)\" class=\"has-inline-color has-vivid-cyan-blue-color\">L\u00edder<\/mark><\/em><\/strong><\/p>\n","protected":false},"excerpt":{"rendered":"<p>La selecci\u00f3n argentina de f\u00fatbol public\u00f3 este lunes la lista de convocados para la doble fecha de Eliminatorias Sudamericanas rumbo al Mundial de Canad\u00e1, Estados Unidos y M\u00e9xico 2026, donde destaca la baja del delantero del Inter Miami, Lionel Messi. A trav\u00e9s de las redes sociales de la Asociaci\u00f3n de F\u00fatbol Argentino (AFA) se dio [&hellip;]<\/p>\n","protected":false},"author":33,"featured_media":270152,"comment_status":"open","ping_status":"open","sticky":false,"template":"","format":"standard","meta":{"footnotes":""},"categories":[4],"tags":[540,1511],"class_list":{"0":"post-270151","1":"post","2":"type-post","3":"status-publish","4":"format-standard","5":"has-post-thumbnail","7":"category-deportes","8":"tag-argentina","9":"tag-messi"},"_links":{"self":[{"href":"https:\/\/elluchador.info\/index.php?rest_route=\/wp\/v2\/posts\/270151","targetHints":{"allow":["GET"]}}],"collection":[{"href":"https:\/\/elluchador.info\/index.php?rest_route=\/wp\/v2\/posts"}],"about":[{"href":"https:\/\/elluchador.info\/index.php?rest_route=\/wp\/v2\/types\/post"}],"author":[{"embeddable":true,"href":"https:\/\/elluchador.info\/index.php?rest_route=\/wp\/v2\/users\/33"}],"replies":[{"embeddable":true,"href":"https:\/\/elluchador.info\/index.php?rest_route=%2Fwp%2Fv2%2Fcomments&post=270151"}],"version-history":[{"count":1,"href":"https:\/\/elluchador.info\/index.php?rest_route=\/wp\/v2\/posts\/270151\/revisions"}],"predecessor-version":[{"id":270153,"href":"https:\/\/elluchador.info\/index.php?rest_route=\/wp\/v2\/posts\/270151\/revisions\/270153"}],"wp:featuredmedia":[{"embeddable":true,"href":"https:\/\/elluchador.info\/index.php?rest_route=\/wp\/v2\/media\/270152"}],"wp:attachment":[{"href":"https:\/\/elluchador.info\/index.php?rest_route=%2Fwp%2Fv2%2Fmedia&parent=270151"}],"wp:term":[{"taxonomy":"category","embeddable":true,"href":"https:\/\/elluchador.info\/index.php?rest_route=%2Fwp%2Fv2%2Fcategories&post=270151"},{"taxonomy":"post_tag","embeddable":true,"href":"https:\/\/elluchador.info\/index.php?rest_route=%2Fwp%2Fv2%2Ftags&post=270151"}],"curies":[{"name":"wp","href":"https:\/\/api.w.org\/{rel}","templated":true}]}}