{"id":270365,"date":"2025-03-20T11:00:18","date_gmt":"2025-03-20T15:00:18","guid":{"rendered":"https:\/\/elluchador.info\/?p=270365"},"modified":"2025-03-20T11:44:57","modified_gmt":"2025-03-20T15:44:57","slug":"trabajadores-universitarios-exigen-respeto-a-sus-derechos-y-beneficios-laborales","status":"publish","type":"post","link":"https:\/\/elluchador.info\/?p=270365","title":{"rendered":"Trabajadores universitarios exigen respeto a sus derechos y beneficios laborales"},"content":{"rendered":"\n<p>En el marco del D\u00eda del Trabajador Universitario, sindicatos del sector y miembros de la Intergremial alzaron sus voces este 19 de marzo para exigir el respeto a sus derechos y beneficios laborales. Los manifestantes denunciaron las dif\u00edciles condiciones que enfrentan tanto dentro como fuera del \u00e1mbito acad\u00e9mico.<br><br>En sinton\u00eda con la protesta nacional, en Ciudad Bol\u00edvar los trabajadores se concentraron en la esquina de la antigua Tijuana, donde expresaron su descontento por la precariedad laboral en el sector p\u00fablico universitario.<br><br>Edgar Mata, secretario de Reclamo y Trabajo del Sindicato de Trabajadores de la Universidad de Oriente (UDO) en Bol\u00edvar, declar\u00f3: \u00abNos hemos reunido para exigir nuestras reivindicaciones salariales en este D\u00eda del Trabajador Obrero y Administrativo Universitario. Esta manifestaci\u00f3n surge de manera espont\u00e1nea para expresar nuestra inconformidad con el gobierno\u00bb.<br><br>Asimismo, denunci\u00f3 la ausencia de un salario digno y la falta de pago de prestaciones sociales. \u00abEl Instructivo Onapre y el Memor\u00e1ndum 2792 han servido para desmejorar los salarios y derechos de los trabajadores. Seguimos en pie de lucha por el bienestar del sector universitario\u00bb, afirm\u00f3 Mata.<br><br>Por su parte, Jes\u00fas Rivas, presidente de Evaluaci\u00f3n y Seguimiento de la Federaci\u00f3n Nacional de Trabajadores de la Educaci\u00f3n Superior (Fenasoesu) y miembro del Comando Intergremial Universitario en Bol\u00edvar, se\u00f1al\u00f3 que no hay nada que celebrar en esta fecha.<br><br>\u00abNos unimos a esta protesta nacional para exigir un salario justo, el pago de prestaciones sociales, cobertura total en el HCM y el respeto a la autonom\u00eda universitaria y sindical. Hacemos un llamado al gobierno nacional para que restituya de inmediato nuestros derechos laborales\u00bb, enfatiz\u00f3.<br><br>A su vez, Vlad\u00edmir Galindo, representante del sindicato Aspudo de la UDO, felicit\u00f3 a los trabajadores universitarios en su d\u00eda y destac\u00f3 su compromiso con la lucha sindical. \u00abDebemos sentirnos orgullosos de nuestra dignidad, aunque esta lucha no es nueva. <br><br>Desde la llegada del comandante Ch\u00e1vez al poder, comenz\u00f3 una guerra contra las universidades que ha afectado gravemente la educaci\u00f3n superior en el pa\u00eds\u00bb, denunci\u00f3.<br><br>Los manifestantes reiteraron su llamado al Estado para garantizar el respeto a los derechos de los trabajadores universitarios y detener las violaciones a la autonom\u00eda sindical y acad\u00e9mica. <br><br><strong><em>Yanitza Mart\u00ednez<\/em><\/strong><\/p>\n\n\n\n<p><\/p>\n","protected":false},"excerpt":{"rendered":"<p>En el marco del D\u00eda del Trabajador Universitario, sindicatos del sector y miembros de la Intergremial alzaron sus voces este 19 de marzo para exigir el respeto a sus derechos y beneficios laborales. Los manifestantes denunciaron las dif\u00edciles condiciones que enfrentan tanto dentro como fuera del \u00e1mbito acad\u00e9mico. En sinton\u00eda con la protesta nacional, en [&hellip;]<\/p>\n","protected":false},"author":2,"featured_media":270364,"comment_status":"closed","ping_status":"","sticky":false,"template":"","format":"standard","meta":{"footnotes":""},"categories":[2],"tags":[],"class_list":{"0":"post-270365","1":"post","2":"type-post","3":"status-publish","4":"format-standard","5":"has-post-thumbnail","7":"category-comunidad"},"_links":{"self":[{"href":"https:\/\/elluchador.info\/index.php?rest_route=\/wp\/v2\/posts\/270365","targetHints":{"allow":["GET"]}}],"collection":[{"href":"https:\/\/elluchador.info\/index.php?rest_route=\/wp\/v2\/posts"}],"about":[{"href":"https:\/\/elluchador.info\/index.php?rest_route=\/wp\/v2\/types\/post"}],"author":[{"embeddable":true,"href":"https:\/\/elluchador.info\/index.php?rest_route=\/wp\/v2\/users\/2"}],"replies":[{"embeddable":true,"href":"https:\/\/elluchador.info\/index.php?rest_route=%2Fwp%2Fv2%2Fcomments&post=270365"}],"version-history":[{"count":1,"href":"https:\/\/elluchador.info\/index.php?rest_route=\/wp\/v2\/posts\/270365\/revisions"}],"predecessor-version":[{"id":270366,"href":"https:\/\/elluchador.info\/index.php?rest_route=\/wp\/v2\/posts\/270365\/revisions\/270366"}],"wp:featuredmedia":[{"embeddable":true,"href":"https:\/\/elluchador.info\/index.php?rest_route=\/wp\/v2\/media\/270364"}],"wp:attachment":[{"href":"https:\/\/elluchador.info\/index.php?rest_route=%2Fwp%2Fv2%2Fmedia&parent=270365"}],"wp:term":[{"taxonomy":"category","embeddable":true,"href":"https:\/\/elluchador.info\/index.php?rest_route=%2Fwp%2Fv2%2Fcategories&post=270365"},{"taxonomy":"post_tag","embeddable":true,"href":"https:\/\/elluchador.info\/index.php?rest_route=%2Fwp%2Fv2%2Ftags&post=270365"}],"curies":[{"name":"wp","href":"https:\/\/api.w.org\/{rel}","templated":true}]}}