{"id":271064,"date":"2025-03-26T20:03:48","date_gmt":"2025-03-27T00:03:48","guid":{"rendered":"https:\/\/elluchador.info\/?p=271064"},"modified":"2025-03-26T20:03:51","modified_gmt":"2025-03-27T00:03:51","slug":"jessica-chastain-y-adam-driver-protagonizaran-la-serie-the-dealer","status":"publish","type":"post","link":"https:\/\/elluchador.info\/?p=271064","title":{"rendered":"Jessica Chastain y Adam Driver protagonizar\u00e1n la serie \u00abThe Dealer\u00bb"},"content":{"rendered":"\n<p>\u200eJessica Chastain y Adam Driver protagonizar\u00e1n la serie de drama \u2018The Dealer\u2019, que se estrenar\u00e1 por Apple TV+, inform\u00f3 el medio especializado Variety.<br>\u200e<br>\u200eLa serie ha sido descrita como \u00abuna mordaz exploraci\u00f3n del poder, la clase, la seducci\u00f3n y la cultura ambientada en el deslumbrante mundo del mercado del arte de alta gama\u00bb.<br>\u200e<br>\u200eLa historia se centra en la relaci\u00f3n \u00abenmara\u00f1ada\u00bb entre una aspirante a galerista, interpretada por Chastain, y su artista m\u00e1s dotado, a quien dar\u00e1 vida Driver.<br>\u200e<br>\u200e\u2018The Dealer\u2019 ser\u00e1 el segundo proyecto televisivo en la carrera de Driver, quien tan solo hab\u00eda participado en la serie \u2018Girls\u2019 y ha destacado principalmente en el \u00e1mbito cinematogr\u00e1fico en su papel como Kylo Ren, de \u2018Star Wars\u2019, o filmes como \u2018Marriage Story\u2019 y \u2018Annette\u2019.<br>\u200e<br>\u200eAdem\u00e1s, el actor, de 41 a\u00f1os, tambi\u00e9n servir\u00e1 de productor ejecutivo de esta producci\u00f3n junto a Lucas Hnath, quien tambi\u00e9n funge como guionista.<br>\u200e<br>\u200eCon informaci\u00f3n <strong><em>Agencias-.<\/em><\/strong><\/p>\n","protected":false},"excerpt":{"rendered":"<p>\u200eJessica Chastain y Adam Driver protagonizar\u00e1n la serie de drama \u2018The Dealer\u2019, que se estrenar\u00e1 por Apple TV+, inform\u00f3 el medio especializado Variety.\u200e\u200eLa serie ha sido descrita como \u00abuna mordaz exploraci\u00f3n del poder, la clase, la seducci\u00f3n y la cultura ambientada en el deslumbrante mundo del mercado del arte de alta gama\u00bb.\u200e\u200eLa historia se centra [&hellip;]<\/p>\n","protected":false},"author":33,"featured_media":271065,"comment_status":"closed","ping_status":"closed","sticky":false,"template":"","format":"standard","meta":{"footnotes":""},"categories":[7],"tags":[2562,1641],"class_list":{"0":"post-271064","1":"post","2":"type-post","3":"status-publish","4":"format-standard","5":"has-post-thumbnail","7":"category-entretenimiento","8":"tag-estrenos","9":"tag-series"},"_links":{"self":[{"href":"https:\/\/elluchador.info\/index.php?rest_route=\/wp\/v2\/posts\/271064","targetHints":{"allow":["GET"]}}],"collection":[{"href":"https:\/\/elluchador.info\/index.php?rest_route=\/wp\/v2\/posts"}],"about":[{"href":"https:\/\/elluchador.info\/index.php?rest_route=\/wp\/v2\/types\/post"}],"author":[{"embeddable":true,"href":"https:\/\/elluchador.info\/index.php?rest_route=\/wp\/v2\/users\/33"}],"replies":[{"embeddable":true,"href":"https:\/\/elluchador.info\/index.php?rest_route=%2Fwp%2Fv2%2Fcomments&post=271064"}],"version-history":[{"count":1,"href":"https:\/\/elluchador.info\/index.php?rest_route=\/wp\/v2\/posts\/271064\/revisions"}],"predecessor-version":[{"id":271066,"href":"https:\/\/elluchador.info\/index.php?rest_route=\/wp\/v2\/posts\/271064\/revisions\/271066"}],"wp:featuredmedia":[{"embeddable":true,"href":"https:\/\/elluchador.info\/index.php?rest_route=\/wp\/v2\/media\/271065"}],"wp:attachment":[{"href":"https:\/\/elluchador.info\/index.php?rest_route=%2Fwp%2Fv2%2Fmedia&parent=271064"}],"wp:term":[{"taxonomy":"category","embeddable":true,"href":"https:\/\/elluchador.info\/index.php?rest_route=%2Fwp%2Fv2%2Fcategories&post=271064"},{"taxonomy":"post_tag","embeddable":true,"href":"https:\/\/elluchador.info\/index.php?rest_route=%2Fwp%2Fv2%2Ftags&post=271064"}],"curies":[{"name":"wp","href":"https:\/\/api.w.org\/{rel}","templated":true}]}}