{"id":271224,"date":"2025-03-28T10:50:00","date_gmt":"2025-03-28T14:50:00","guid":{"rendered":"https:\/\/elluchador.info\/?p=271224"},"modified":"2025-03-28T10:46:37","modified_gmt":"2025-03-28T14:46:37","slug":"sector-ganadero-quiere-abrirse-a-la-exportacion-de-carne-para-atraer-divisas","status":"publish","type":"post","link":"https:\/\/elluchador.info\/?p=271224","title":{"rendered":"Sector ganadero quiere abrirse a la exportaci\u00f3n de carne para atraer divisas"},"content":{"rendered":"\n<p>El presidente de la Federaci\u00f3n de Ganaderos de Venezuela (Fedenaga), Edgar Medina, se\u00f1al\u00f3 que los productores venezolanos est\u00e1n trabajando en funci\u00f3n de producir los alimentos que necesita el pa\u00eds.<\/p>\n\n\n\n<p>Asimismo, expres\u00f3 que se ha logrado satisfacer la demanda interna de carne: \u00abhoy tenemos una demanda aproximadamente de 1.500.000 cabezas de ganado que van a sacrificio anual y nosotros estamos produciendo ese mill\u00f3n y medio\u00bb.<\/p>\n\n\n\n<p>Coment\u00f3 que se necesita subir los inventarios de carne y de la producci\u00f3n de leche diaria para lograr, \u00abno solo satisfacer el mercado interno como lo hacemos, sino alcanzar tambi\u00e9n tener un remanente que nos haga posible ir a la exportaci\u00f3n\u00bb.<\/p>\n\n\n\n<p>Medina, asever\u00f3 que el sector agropecuario quiere exportar, debido a que esta es una alternativa de generar divisas para el pa\u00eds y sustentar el trabajo del productor venezolano.<\/p>\n\n\n\n<p>\u00abDe poder apalancarnos en el tema crediticio y poder avanzar en el n\u00famero de inventario necesario para seguir avanzando\u00bb, sum\u00f3.<\/p>\n\n\n\n<p>Del mismo modo, enfatiz\u00f3 que hay una \u00absituaci\u00f3n dif\u00edcil\u00bb con el tipo de cambio en el pa\u00eds y record\u00f3 que el sector ganadero maneja el tema de la compra de insumos en divisas.<\/p>\n\n\n\n<p>Con informaci\u00f3n de <strong>agencias.-<\/strong><\/p>\n","protected":false},"excerpt":{"rendered":"<p>El presidente de la Federaci\u00f3n de Ganaderos de Venezuela (Fedenaga), Edgar Medina, se\u00f1al\u00f3 que los productores venezolanos est\u00e1n trabajando en funci\u00f3n de producir los alimentos que necesita el pa\u00eds. Asimismo, expres\u00f3 que se ha logrado satisfacer la demanda interna de carne: \u00abhoy tenemos una demanda aproximadamente de 1.500.000 cabezas de ganado que van a sacrificio [&hellip;]<\/p>\n","protected":false},"author":38,"featured_media":271225,"comment_status":"closed","ping_status":"closed","sticky":false,"template":"","format":"standard","meta":{"footnotes":""},"categories":[6],"tags":[448,105],"class_list":{"0":"post-271224","1":"post","2":"type-post","3":"status-publish","4":"format-standard","5":"has-post-thumbnail","7":"category-economia","8":"tag-mundo","9":"tag-venezuela"},"_links":{"self":[{"href":"https:\/\/elluchador.info\/index.php?rest_route=\/wp\/v2\/posts\/271224","targetHints":{"allow":["GET"]}}],"collection":[{"href":"https:\/\/elluchador.info\/index.php?rest_route=\/wp\/v2\/posts"}],"about":[{"href":"https:\/\/elluchador.info\/index.php?rest_route=\/wp\/v2\/types\/post"}],"author":[{"embeddable":true,"href":"https:\/\/elluchador.info\/index.php?rest_route=\/wp\/v2\/users\/38"}],"replies":[{"embeddable":true,"href":"https:\/\/elluchador.info\/index.php?rest_route=%2Fwp%2Fv2%2Fcomments&post=271224"}],"version-history":[{"count":1,"href":"https:\/\/elluchador.info\/index.php?rest_route=\/wp\/v2\/posts\/271224\/revisions"}],"predecessor-version":[{"id":271226,"href":"https:\/\/elluchador.info\/index.php?rest_route=\/wp\/v2\/posts\/271224\/revisions\/271226"}],"wp:featuredmedia":[{"embeddable":true,"href":"https:\/\/elluchador.info\/index.php?rest_route=\/wp\/v2\/media\/271225"}],"wp:attachment":[{"href":"https:\/\/elluchador.info\/index.php?rest_route=%2Fwp%2Fv2%2Fmedia&parent=271224"}],"wp:term":[{"taxonomy":"category","embeddable":true,"href":"https:\/\/elluchador.info\/index.php?rest_route=%2Fwp%2Fv2%2Fcategories&post=271224"},{"taxonomy":"post_tag","embeddable":true,"href":"https:\/\/elluchador.info\/index.php?rest_route=%2Fwp%2Fv2%2Ftags&post=271224"}],"curies":[{"name":"wp","href":"https:\/\/api.w.org\/{rel}","templated":true}]}}