{"id":271740,"date":"2025-04-02T14:49:23","date_gmt":"2025-04-02T18:49:23","guid":{"rendered":"https:\/\/elluchador.info\/?p=271740"},"modified":"2025-04-02T14:49:28","modified_gmt":"2025-04-02T18:49:28","slug":"partido-copei-prepara-candidaturas-a-gobernadores-de-cara-al-25-de-mayo","status":"publish","type":"post","link":"https:\/\/elluchador.info\/?p=271740","title":{"rendered":"Partido Copei prepara candidaturas a gobernadores de cara al 25 de mayo"},"content":{"rendered":"\n<p>El Comit\u00e9 de Organizaci\u00f3n Pol\u00edtica Electoral Independiente (Copei), cuenta con al menos nueve candidatos para la elecci\u00f3n de gobernadores y gobernadoras para las pr\u00f3ximas elecciones a celebrarse el 25 de mayo.<\/p>\n\n\n\n<p>El secretario de la tolda verde, Juan Carlos Alvarado, indic\u00f3 que la participaci\u00f3n dentro de la Constituci\u00f3n, para el respeto de ese liderazgo local \u00abdebe estar plasmado en la Constituci\u00f3n, que no sea un slogan para usarlo un sector determinado, cuando observamos un cronograma electoral que ha superado el 50 % y hoy como partido damos cumplimiento a este cronograma\u00bb. Se\u00f1al\u00f3 que este lunes 31 de marzo, acudieron a presentar todo lo que concierne a la propaganda electoral, contemplado en este proceso.<\/p>\n\n\n\n<p>Con informaci\u00f3n <em><strong><mark style=\"background-color:rgba(0, 0, 0, 0)\" class=\"has-inline-color has-vivid-green-cyan-color\">VTV<\/mark><\/strong><\/em><\/p>\n","protected":false},"excerpt":{"rendered":"<p>El Comit\u00e9 de Organizaci\u00f3n Pol\u00edtica Electoral Independiente (Copei), cuenta con al menos nueve candidatos para la elecci\u00f3n de gobernadores y gobernadoras para las pr\u00f3ximas elecciones a celebrarse el 25 de mayo. El secretario de la tolda verde, Juan Carlos Alvarado, indic\u00f3 que la participaci\u00f3n dentro de la Constituci\u00f3n, para el respeto de ese liderazgo local [&hellip;]<\/p>\n","protected":false},"author":33,"featured_media":271741,"comment_status":"closed","ping_status":"closed","sticky":false,"template":"","format":"standard","meta":{"footnotes":""},"categories":[11],"tags":[3256,3257],"class_list":{"0":"post-271740","1":"post","2":"type-post","3":"status-publish","4":"format-standard","5":"has-post-thumbnail","7":"category-politica","8":"tag-copei","9":"tag-juan-carlos-alvaro"},"_links":{"self":[{"href":"https:\/\/elluchador.info\/index.php?rest_route=\/wp\/v2\/posts\/271740","targetHints":{"allow":["GET"]}}],"collection":[{"href":"https:\/\/elluchador.info\/index.php?rest_route=\/wp\/v2\/posts"}],"about":[{"href":"https:\/\/elluchador.info\/index.php?rest_route=\/wp\/v2\/types\/post"}],"author":[{"embeddable":true,"href":"https:\/\/elluchador.info\/index.php?rest_route=\/wp\/v2\/users\/33"}],"replies":[{"embeddable":true,"href":"https:\/\/elluchador.info\/index.php?rest_route=%2Fwp%2Fv2%2Fcomments&post=271740"}],"version-history":[{"count":1,"href":"https:\/\/elluchador.info\/index.php?rest_route=\/wp\/v2\/posts\/271740\/revisions"}],"predecessor-version":[{"id":271742,"href":"https:\/\/elluchador.info\/index.php?rest_route=\/wp\/v2\/posts\/271740\/revisions\/271742"}],"wp:featuredmedia":[{"embeddable":true,"href":"https:\/\/elluchador.info\/index.php?rest_route=\/wp\/v2\/media\/271741"}],"wp:attachment":[{"href":"https:\/\/elluchador.info\/index.php?rest_route=%2Fwp%2Fv2%2Fmedia&parent=271740"}],"wp:term":[{"taxonomy":"category","embeddable":true,"href":"https:\/\/elluchador.info\/index.php?rest_route=%2Fwp%2Fv2%2Fcategories&post=271740"},{"taxonomy":"post_tag","embeddable":true,"href":"https:\/\/elluchador.info\/index.php?rest_route=%2Fwp%2Fv2%2Ftags&post=271740"}],"curies":[{"name":"wp","href":"https:\/\/api.w.org\/{rel}","templated":true}]}}