{"id":271743,"date":"2025-04-02T14:54:24","date_gmt":"2025-04-02T18:54:24","guid":{"rendered":"https:\/\/elluchador.info\/?p=271743"},"modified":"2025-04-02T14:54:27","modified_gmt":"2025-04-02T18:54:27","slug":"agroindustria-nacional-fortalece-motor-economico-del-pais","status":"publish","type":"post","link":"https:\/\/elluchador.info\/?p=271743","title":{"rendered":"Agroindustria nacional fortalece motor econ\u00f3mico del pa\u00eds"},"content":{"rendered":"\n<p>Representantes de la agroindustria nacional sostuvieron una reuni\u00f3n de trabajo con la vicepresidenta Ejecutiva de Venezuela, Delcy Rodr\u00edguez, con el fin de dar seguimiento a los lineamientos del Gobierno nacional, emanados del Consejo Nacional de Econom\u00eda.<\/p>\n\n\n\n<p>El jefe de Estado, Nicol\u00e1s Maduro, activ\u00f3 de forma permanente el Consejo Econ\u00f3mico y asimismo realiz\u00f3 importantes anuncios para el pa\u00eds a trav\u00e9s del Plan de Producci\u00f3n, Abastecimiento y Exportaci\u00f3n (PAE), cuyo objetivo es fortalecer cada motor econ\u00f3mico en su cadena productiva.<\/p>\n\n\n\n<p>Exhort\u00f3 a profundizar y equilibrar los 13 motores de la Agenda Econ\u00f3mica Bolivariana para una econom\u00eda productiva en que se establezca un plan para enfrentar y superar las perturbaciones de los anuncios de guerra econ\u00f3mica contra el pa\u00eds.<\/p>\n\n\n\n<p>\u201cTenemos que salir al paso contra las nuevas agresiones pedidas por la derecha venezolana antipatria. Mantengamos el modelo econ\u00f3mico de asociaci\u00f3n, fortalecimiento del empresariado nacional y de la inversi\u00f3n internacional\u201d, dijo el mandatario nacional.<\/p>\n\n\n\n<p>Con informaci\u00f3n <strong><em><mark style=\"background-color:rgba(0, 0, 0, 0)\" class=\"has-inline-color has-vivid-red-color\">VTV<\/mark><\/em><\/strong><\/p>\n","protected":false},"excerpt":{"rendered":"<p>Representantes de la agroindustria nacional sostuvieron una reuni\u00f3n de trabajo con la vicepresidenta Ejecutiva de Venezuela, Delcy Rodr\u00edguez, con el fin de dar seguimiento a los lineamientos del Gobierno nacional, emanados del Consejo Nacional de Econom\u00eda. El jefe de Estado, Nicol\u00e1s Maduro, activ\u00f3 de forma permanente el Consejo Econ\u00f3mico y asimismo realiz\u00f3 importantes anuncios para [&hellip;]<\/p>\n","protected":false},"author":33,"featured_media":271744,"comment_status":"closed","ping_status":"closed","sticky":false,"template":"","format":"standard","meta":{"footnotes":""},"categories":[5,6],"tags":[1489,188],"class_list":{"0":"post-271743","1":"post","2":"type-post","3":"status-publish","4":"format-standard","5":"has-post-thumbnail","7":"category-destacado","8":"category-economia","9":"tag-motor","10":"tag-pais"},"_links":{"self":[{"href":"https:\/\/elluchador.info\/index.php?rest_route=\/wp\/v2\/posts\/271743","targetHints":{"allow":["GET"]}}],"collection":[{"href":"https:\/\/elluchador.info\/index.php?rest_route=\/wp\/v2\/posts"}],"about":[{"href":"https:\/\/elluchador.info\/index.php?rest_route=\/wp\/v2\/types\/post"}],"author":[{"embeddable":true,"href":"https:\/\/elluchador.info\/index.php?rest_route=\/wp\/v2\/users\/33"}],"replies":[{"embeddable":true,"href":"https:\/\/elluchador.info\/index.php?rest_route=%2Fwp%2Fv2%2Fcomments&post=271743"}],"version-history":[{"count":1,"href":"https:\/\/elluchador.info\/index.php?rest_route=\/wp\/v2\/posts\/271743\/revisions"}],"predecessor-version":[{"id":271745,"href":"https:\/\/elluchador.info\/index.php?rest_route=\/wp\/v2\/posts\/271743\/revisions\/271745"}],"wp:featuredmedia":[{"embeddable":true,"href":"https:\/\/elluchador.info\/index.php?rest_route=\/wp\/v2\/media\/271744"}],"wp:attachment":[{"href":"https:\/\/elluchador.info\/index.php?rest_route=%2Fwp%2Fv2%2Fmedia&parent=271743"}],"wp:term":[{"taxonomy":"category","embeddable":true,"href":"https:\/\/elluchador.info\/index.php?rest_route=%2Fwp%2Fv2%2Fcategories&post=271743"},{"taxonomy":"post_tag","embeddable":true,"href":"https:\/\/elluchador.info\/index.php?rest_route=%2Fwp%2Fv2%2Ftags&post=271743"}],"curies":[{"name":"wp","href":"https:\/\/api.w.org\/{rel}","templated":true}]}}