{"id":271849,"date":"2025-04-03T11:42:28","date_gmt":"2025-04-03T15:42:28","guid":{"rendered":"https:\/\/elluchador.info\/?p=271849"},"modified":"2025-04-03T16:33:31","modified_gmt":"2025-04-03T20:33:31","slug":"cabello-el-influencer-leito-oficial-enfrentara-cargos-por-incitacion-al-odio-en-el-pais","status":"publish","type":"post","link":"https:\/\/elluchador.info\/?p=271849","title":{"rendered":"Cabello: El influencer \u00abLeito Oficial\u00bb enfrentar\u00e1 cargos por incitaci\u00f3n al odio"},"content":{"rendered":"\n<p>El creador de contenido Leonel Moreno, m\u00e1s conocido como \u00abLeito Oficial\u00bb, enfrentar\u00e1 cargos penales en Venezuela por delitos de odio.<\/p>\n\n\n\n<p>Durante la transmisi\u00f3n de su programa Con El Mazo Dando, Cabello se refiri\u00f3 al rechazo que gener\u00f3 la presencia de Moreno en el avi\u00f3n donde fue trasladado junto a los dem\u00e1s venezolanos, el pasado 28 de marzo.<\/p>\n\n\n\n<p>\u00abAl Leito lo protegimos nosotros porque los otros pasajeros se lo iban a comer vivo. \u00c9l le hizo mucho da\u00f1o a los venezolanos con su aptitud en los Estados Unidos. \u00c9l ahora tiene que enfrentar delitos de odio contra su pa\u00eds, que se defienda\u00bb, expres\u00f3 el ministro.<\/p>\n\n\n\n<p><strong><em>Detenido por cuerpos de seguridad<\/em><\/strong><\/p>\n\n\n\n<p>\u00abDetuvieron a Moreno, y lo entregaron al Ministerio P\u00fablico, donde se le iniciar\u00e1 el procesamiento penal por incitaci\u00f3n al odio\u00bb, acot\u00f3 el periodista Eligio Rojas.<\/p>\n\n\n\n<p>A trav\u00e9s de una publicaci\u00f3n de TikTok, Ver\u00f3nica Torres, Expareja de Leonel Moreno, expres\u00f3 su tristeza ante su deportaci\u00f3n y le dese\u00f3 suerte para mejorar como persona y buen padre.<\/p>\n\n\n\n<p>Con informaci\u00f3n <em><strong>2001 Live<\/strong><\/em><\/p>\n","protected":false},"excerpt":{"rendered":"<p>El creador de contenido Leonel Moreno, m\u00e1s conocido como \u00abLeito Oficial\u00bb, enfrentar\u00e1 cargos penales en Venezuela por delitos de odio. Durante la transmisi\u00f3n de su programa Con El Mazo Dando, Cabello se refiri\u00f3 al rechazo que gener\u00f3 la presencia de Moreno en el avi\u00f3n donde fue trasladado junto a los dem\u00e1s venezolanos, el pasado 28 [&hellip;]<\/p>\n","protected":false},"author":2,"featured_media":271850,"comment_status":"closed","ping_status":"closed","sticky":false,"template":"","format":"standard","meta":{"footnotes":""},"categories":[13],"tags":[3252,105,2463],"class_list":{"0":"post-271849","1":"post","2":"type-post","3":"status-publish","4":"format-standard","5":"has-post-thumbnail","7":"category-sucesos","8":"tag-detenciones","9":"tag-venezuela","10":"tag-viral"},"_links":{"self":[{"href":"https:\/\/elluchador.info\/index.php?rest_route=\/wp\/v2\/posts\/271849","targetHints":{"allow":["GET"]}}],"collection":[{"href":"https:\/\/elluchador.info\/index.php?rest_route=\/wp\/v2\/posts"}],"about":[{"href":"https:\/\/elluchador.info\/index.php?rest_route=\/wp\/v2\/types\/post"}],"author":[{"embeddable":true,"href":"https:\/\/elluchador.info\/index.php?rest_route=\/wp\/v2\/users\/2"}],"replies":[{"embeddable":true,"href":"https:\/\/elluchador.info\/index.php?rest_route=%2Fwp%2Fv2%2Fcomments&post=271849"}],"version-history":[{"count":2,"href":"https:\/\/elluchador.info\/index.php?rest_route=\/wp\/v2\/posts\/271849\/revisions"}],"predecessor-version":[{"id":271891,"href":"https:\/\/elluchador.info\/index.php?rest_route=\/wp\/v2\/posts\/271849\/revisions\/271891"}],"wp:featuredmedia":[{"embeddable":true,"href":"https:\/\/elluchador.info\/index.php?rest_route=\/wp\/v2\/media\/271850"}],"wp:attachment":[{"href":"https:\/\/elluchador.info\/index.php?rest_route=%2Fwp%2Fv2%2Fmedia&parent=271849"}],"wp:term":[{"taxonomy":"category","embeddable":true,"href":"https:\/\/elluchador.info\/index.php?rest_route=%2Fwp%2Fv2%2Fcategories&post=271849"},{"taxonomy":"post_tag","embeddable":true,"href":"https:\/\/elluchador.info\/index.php?rest_route=%2Fwp%2Fv2%2Ftags&post=271849"}],"curies":[{"name":"wp","href":"https:\/\/api.w.org\/{rel}","templated":true}]}}