{"id":271939,"date":"2025-04-04T08:40:00","date_gmt":"2025-04-04T12:40:00","guid":{"rendered":"https:\/\/elluchador.info\/?p=271939"},"modified":"2025-04-04T01:31:37","modified_gmt":"2025-04-04T05:31:37","slug":"bolivar-sc-listo-para-su-debut-en-casa-ante-angostura-fc","status":"publish","type":"post","link":"https:\/\/elluchador.info\/?p=271939","title":{"rendered":"Bol\u00edvar SC listo para su debut en casa ante Angostura FC"},"content":{"rendered":"\n<p>El Bol\u00edvar SC se prepara para disputar su primer partido como local en la temporada 2025, enfrentando al Angostura FC en la segunda jornada de la Liga FUTVE 2.<\/p>\n\n\n\n<p>El esperado encuentro se llevar\u00e1 a cabo el pr\u00f3ximo domingo 6 de abril a las 3:00 p. m. en el Decanato UDO Bol\u00edvar, donde el equipo buscar\u00e1 sumar sus primeros tres puntos ante su afici\u00f3n.<\/p>\n\n\n\n<p>El director t\u00e9cnico, Jos\u00e9 Fasciana, destac\u00f3 la preparaci\u00f3n del equipo y la motivaci\u00f3n con la que afrontan el compromiso. \u201cEstamos muy enfocados y con muchas ganas de demostrar nuestro potencial. Cada partido es una nueva oportunidad, y estamos listos para luchar por la victoria\u201d, expres\u00f3.<\/p>\n\n\n\n<p>Asimismo, Fasciana resalt\u00f3 que ha sido una semana de trabajo intensa y productiva, enfocada en brindar un espect\u00e1culo a los fan\u00e1ticos que acompa\u00f1ar\u00e1n al equipo.<\/p>\n\n\n\n<p>Las entradas estar\u00e1n disponibles el mismo d\u00eda del partido en las taquillas del Decanato UDO, casa del Bol\u00edvar SC. La invitaci\u00f3n est\u00e1 abierta para que la afici\u00f3n bolivarense disfrute de un encuentro lleno de emoci\u00f3n y buen f\u00fatbol.<\/p>\n\n\n\n<p><strong><em>Redacci\u00f3n\/ Prensa Bol\u00edvar SC<\/em><\/strong><\/p>\n\n\n\n<p><\/p>\n","protected":false},"excerpt":{"rendered":"<p>El Bol\u00edvar SC se prepara para disputar su primer partido como local en la temporada 2025, enfrentando al Angostura FC en la segunda jornada de la Liga FUTVE 2. El esperado encuentro se llevar\u00e1 a cabo el pr\u00f3ximo domingo 6 de abril a las 3:00 p. m. en el Decanato UDO Bol\u00edvar, donde el equipo [&hellip;]<\/p>\n","protected":false},"author":2,"featured_media":271940,"comment_status":"closed","ping_status":"closed","sticky":false,"template":"","format":"standard","meta":{"footnotes":""},"categories":[4],"tags":[306,3287,154,40],"class_list":{"0":"post-271939","1":"post","2":"type-post","3":"status-publish","4":"format-standard","5":"has-post-thumbnail","7":"category-deportes","8":"tag-ciudad-bolivar","9":"tag-debut","10":"tag-deportes","11":"tag-futbol"},"_links":{"self":[{"href":"https:\/\/elluchador.info\/index.php?rest_route=\/wp\/v2\/posts\/271939","targetHints":{"allow":["GET"]}}],"collection":[{"href":"https:\/\/elluchador.info\/index.php?rest_route=\/wp\/v2\/posts"}],"about":[{"href":"https:\/\/elluchador.info\/index.php?rest_route=\/wp\/v2\/types\/post"}],"author":[{"embeddable":true,"href":"https:\/\/elluchador.info\/index.php?rest_route=\/wp\/v2\/users\/2"}],"replies":[{"embeddable":true,"href":"https:\/\/elluchador.info\/index.php?rest_route=%2Fwp%2Fv2%2Fcomments&post=271939"}],"version-history":[{"count":1,"href":"https:\/\/elluchador.info\/index.php?rest_route=\/wp\/v2\/posts\/271939\/revisions"}],"predecessor-version":[{"id":271941,"href":"https:\/\/elluchador.info\/index.php?rest_route=\/wp\/v2\/posts\/271939\/revisions\/271941"}],"wp:featuredmedia":[{"embeddable":true,"href":"https:\/\/elluchador.info\/index.php?rest_route=\/wp\/v2\/media\/271940"}],"wp:attachment":[{"href":"https:\/\/elluchador.info\/index.php?rest_route=%2Fwp%2Fv2%2Fmedia&parent=271939"}],"wp:term":[{"taxonomy":"category","embeddable":true,"href":"https:\/\/elluchador.info\/index.php?rest_route=%2Fwp%2Fv2%2Fcategories&post=271939"},{"taxonomy":"post_tag","embeddable":true,"href":"https:\/\/elluchador.info\/index.php?rest_route=%2Fwp%2Fv2%2Ftags&post=271939"}],"curies":[{"name":"wp","href":"https:\/\/api.w.org\/{rel}","templated":true}]}}