{"id":272156,"date":"2025-04-06T12:45:00","date_gmt":"2025-04-06T16:45:00","guid":{"rendered":"https:\/\/elluchador.info\/?p=272156"},"modified":"2025-04-06T12:41:04","modified_gmt":"2025-04-06T16:41:04","slug":"fedecamaras-dice-que-brecha-cambiaria-pone-en-riesgo-empleo-de-los-venezolanos","status":"publish","type":"post","link":"https:\/\/elluchador.info\/?p=272156","title":{"rendered":"Fedec\u00e1maras dice que brecha cambiaria pone en riesgo empleo de los venezolanos"},"content":{"rendered":"\n<p>El vicepresidente de Fedec\u00e1maras, Felipe Capozzolo, detalla que a su juicio, en Venezuela los empleos se encuentran en riesgo, dada la creciente brecha cambiaria entre el d\u00f3lar paralelo y la tasa oficial del Banco Central de Venezuela (BCV).<\/p>\n\n\n\n<p>El l\u00edder gremial asever\u00f3 que el problema econ\u00f3mico de hoy se suma a algunas decisiones tomadas por el gobierno de Nicol\u00e1s Maduro que ponen en riesgo muchos empleos.<\/p>\n\n\n\n<p>Capozzolo, dijo que Fedec\u00e1maras entiende que el Estado venezolano tiene una funci\u00f3n social que debe cumplir y necesita recursos para eso, \u201cpero tambi\u00e9n deben entender que nosotros no podemos trabajar a p\u00e9rdida porque se pone en riesgo los empleos de nuestra fuerza trabajadora y, sobre todo, se pone en riesgo los empleos que podr\u00edamos crear a futuro porque aqu\u00ed se trata de crear m\u00e1s empleo\u201d, dijo.<\/p>\n\n\n\n<p>No es viable, garantiz\u00f3, desde el punto de vista comercial, industrial y econ\u00f3mico, la actual brecha cambiaria. \u201cNo vemos adecuado que la respuesta del Gobierno tenga que ser control sobre el control o la represi\u00f3n administrativa\u201d, indic\u00f3.<\/p>\n\n\n\n<p>Felipe Capozzolo, piensa que sobre el tema econ\u00f3mico se debe debatir en una mesa abierta en la que todos los afectados tengan representaci\u00f3n y participaci\u00f3n; as\u00ed como tambi\u00e9n la libertad de cuestionar y buscar soluciones.<\/p>\n\n\n\n<p>Con informaci\u00f3n de <strong>agencias.-<\/strong><\/p>\n","protected":false},"excerpt":{"rendered":"<p>El vicepresidente de Fedec\u00e1maras, Felipe Capozzolo, detalla que a su juicio, en Venezuela los empleos se encuentran en riesgo, dada la creciente brecha cambiaria entre el d\u00f3lar paralelo y la tasa oficial del Banco Central de Venezuela (BCV). El l\u00edder gremial asever\u00f3 que el problema econ\u00f3mico de hoy se suma a algunas decisiones tomadas por [&hellip;]<\/p>\n","protected":false},"author":38,"featured_media":272157,"comment_status":"closed","ping_status":"closed","sticky":false,"template":"","format":"standard","meta":{"footnotes":""},"categories":[9],"tags":[105],"class_list":{"0":"post-272156","1":"post","2":"type-post","3":"status-publish","4":"format-standard","5":"has-post-thumbnail","7":"category-nacionales","8":"tag-venezuela"},"_links":{"self":[{"href":"https:\/\/elluchador.info\/index.php?rest_route=\/wp\/v2\/posts\/272156","targetHints":{"allow":["GET"]}}],"collection":[{"href":"https:\/\/elluchador.info\/index.php?rest_route=\/wp\/v2\/posts"}],"about":[{"href":"https:\/\/elluchador.info\/index.php?rest_route=\/wp\/v2\/types\/post"}],"author":[{"embeddable":true,"href":"https:\/\/elluchador.info\/index.php?rest_route=\/wp\/v2\/users\/38"}],"replies":[{"embeddable":true,"href":"https:\/\/elluchador.info\/index.php?rest_route=%2Fwp%2Fv2%2Fcomments&post=272156"}],"version-history":[{"count":1,"href":"https:\/\/elluchador.info\/index.php?rest_route=\/wp\/v2\/posts\/272156\/revisions"}],"predecessor-version":[{"id":272158,"href":"https:\/\/elluchador.info\/index.php?rest_route=\/wp\/v2\/posts\/272156\/revisions\/272158"}],"wp:featuredmedia":[{"embeddable":true,"href":"https:\/\/elluchador.info\/index.php?rest_route=\/wp\/v2\/media\/272157"}],"wp:attachment":[{"href":"https:\/\/elluchador.info\/index.php?rest_route=%2Fwp%2Fv2%2Fmedia&parent=272156"}],"wp:term":[{"taxonomy":"category","embeddable":true,"href":"https:\/\/elluchador.info\/index.php?rest_route=%2Fwp%2Fv2%2Fcategories&post=272156"},{"taxonomy":"post_tag","embeddable":true,"href":"https:\/\/elluchador.info\/index.php?rest_route=%2Fwp%2Fv2%2Ftags&post=272156"}],"curies":[{"name":"wp","href":"https:\/\/api.w.org\/{rel}","templated":true}]}}