{"id":272168,"date":"2025-04-06T14:38:09","date_gmt":"2025-04-06T18:38:09","guid":{"rendered":"https:\/\/elluchador.info\/?p=272168"},"modified":"2025-04-06T14:38:12","modified_gmt":"2025-04-06T18:38:12","slug":"el-papa-reaparecio-en-la-plaza-de-san-pedro-durante-la-misa-por-los-enfermos","status":"publish","type":"post","link":"https:\/\/elluchador.info\/?p=272168","title":{"rendered":"El Papa reapareci\u00f3 en la Plaza de San Pedro durante la misa por los enfermos"},"content":{"rendered":"\n<p>\u200eEl papa Francisco reapareci\u00f3 este domingo en la la Plaza de San Pedro del Vaticano por primera vez luego de su hospitalizaci\u00f3n debido a un cuadro respiratorio complejo.<br>\u200e<br>\u200eEl Sumo Pont\u00edfice, quien sigue convaleciente, hizo acto de presencia en una silla de ruedas al final de la misa del Jubileo dedicada a los enfermos.<br>\u200e<br>\u200eFrancisco, de 88 a\u00f1os de edad, se encontraba convaleciente en su residencia vaticana desde el 23 de marzo, fecha en la que sali\u00f3 del hospital Gemelli en Roma tras 38 d\u00edas internado por una neumon\u00eda bilateral y otros problemas respiratorios.<br>\u200e<br>\u200ePero este domingo, el Santo Padre fue llevado en una silla de ruedas desde el interior de la bas\u00edlica de San Pedro hasta un altar situado en la plaza para las misas p\u00fablicas. Dijo muy pocas palabras, ya que las c\u00e1nulas nasales que usa para recibir ox\u00edgeno le causan serias dificultades para hablar.<br>\u200e<br>\u200e\u00abBuen domingo a todos, muchas gracias\u00bb, dijo a los fieles cat\u00f3licos, quienes lo recibieron con emoci\u00f3n. Posteriormente, una mujer ley\u00f3 un mensaje del Papa agradeciendo \u00abde coraz\u00f3n\u00bb a la feligres\u00eda.<br>\u200e<br>\u200eCon informaci\u00f3n <strong>AP<\/strong><\/p>\n","protected":false},"excerpt":{"rendered":"<p>\u200eEl papa Francisco reapareci\u00f3 este domingo en la la Plaza de San Pedro del Vaticano por primera vez luego de su hospitalizaci\u00f3n debido a un cuadro respiratorio complejo.\u200e\u200eEl Sumo Pont\u00edfice, quien sigue convaleciente, hizo acto de presencia en una silla de ruedas al final de la misa del Jubileo dedicada a los enfermos.\u200e\u200eFrancisco, de 88 [&hellip;]<\/p>\n","protected":false},"author":33,"featured_media":272169,"comment_status":"closed","ping_status":"closed","sticky":false,"template":"","format":"standard","meta":{"footnotes":""},"categories":[8],"tags":[2543,3329],"class_list":{"0":"post-272168","1":"post","2":"type-post","3":"status-publish","4":"format-standard","5":"has-post-thumbnail","7":"category-internacionales","8":"tag-papa-francisco","9":"tag-san-pedro"},"_links":{"self":[{"href":"https:\/\/elluchador.info\/index.php?rest_route=\/wp\/v2\/posts\/272168","targetHints":{"allow":["GET"]}}],"collection":[{"href":"https:\/\/elluchador.info\/index.php?rest_route=\/wp\/v2\/posts"}],"about":[{"href":"https:\/\/elluchador.info\/index.php?rest_route=\/wp\/v2\/types\/post"}],"author":[{"embeddable":true,"href":"https:\/\/elluchador.info\/index.php?rest_route=\/wp\/v2\/users\/33"}],"replies":[{"embeddable":true,"href":"https:\/\/elluchador.info\/index.php?rest_route=%2Fwp%2Fv2%2Fcomments&post=272168"}],"version-history":[{"count":1,"href":"https:\/\/elluchador.info\/index.php?rest_route=\/wp\/v2\/posts\/272168\/revisions"}],"predecessor-version":[{"id":272170,"href":"https:\/\/elluchador.info\/index.php?rest_route=\/wp\/v2\/posts\/272168\/revisions\/272170"}],"wp:featuredmedia":[{"embeddable":true,"href":"https:\/\/elluchador.info\/index.php?rest_route=\/wp\/v2\/media\/272169"}],"wp:attachment":[{"href":"https:\/\/elluchador.info\/index.php?rest_route=%2Fwp%2Fv2%2Fmedia&parent=272168"}],"wp:term":[{"taxonomy":"category","embeddable":true,"href":"https:\/\/elluchador.info\/index.php?rest_route=%2Fwp%2Fv2%2Fcategories&post=272168"},{"taxonomy":"post_tag","embeddable":true,"href":"https:\/\/elluchador.info\/index.php?rest_route=%2Fwp%2Fv2%2Ftags&post=272168"}],"curies":[{"name":"wp","href":"https:\/\/api.w.org\/{rel}","templated":true}]}}