{"id":272413,"date":"2025-04-08T15:22:03","date_gmt":"2025-04-08T19:22:03","guid":{"rendered":"https:\/\/elluchador.info\/?p=272413"},"modified":"2025-04-08T15:22:07","modified_gmt":"2025-04-08T19:22:07","slug":"dominicana-declara-duelo-nacional-por-tragedia-en-discoteca","status":"publish","type":"post","link":"https:\/\/elluchador.info\/?p=272413","title":{"rendered":"Dominicana declara duelo nacional por tragedia en discoteca"},"content":{"rendered":"\n<p>Luis Abinader, presidente de la Rep\u00fablica Dominicana, declar\u00f3 due\u00f1o oficial los d\u00edas 8, 9 y 10 de abril, por motivo de la tr\u00e1gica situaci\u00f3n ocurrida en la discoteca Jet Set.<\/p>\n\n\n\n<p>El documento fue publicado por la Oficina de Presidencia de la Rep\u00fablica Dominicana. El decreto emitido se sustenta en lo establecido en la Constituci\u00f3n de la Naci\u00f3n, proclamada el 27 de octubre de 2024, as\u00ed como en la Ley n\u00famero 108, del 21 de marzo de 1967, sobre d\u00edas festivos, de duelo y de conmemoraci\u00f3n.<\/p>\n\n\n\n<p>Este decreto permite al Poder Ejecutivo declarar duelo oficial en situaciones de esta naturaleza, considerando las p\u00e9rdidas humanas. El presidente expres\u00f3 sus condolencias a los familiares de los fallecidos, y a la vez reconoci\u00f3 y valor\u00f3 el esfuerzo de todos los que se han sumado a la labor de rescate.<\/p>\n\n\n\n<p>Cabe destacar qu\u00e9, no se concreta espec\u00edficamente el n\u00famero de personas afectadas, ya que a\u00fan siguen las labores de remoci\u00f3n de escombros, b\u00fasqueda y rescate. Record\u00f3 tambi\u00e9n qu\u00e9, el director del Centro de Operaciones de Emergencias (COE), general Juan Manuel M\u00e9ndez, ser\u00e1 el responsable de ofrecer toda la informaci\u00f3n necesaria y mantener al tanto a la poblaci\u00f3n<\/p>\n\n\n\n<p>El documento fue remitido a los Ministerios de Relaciones Exteriores, Defensa e Interior y Polic\u00eda para su conocimiento y ejecuci\u00f3n.<\/p>\n\n\n\n<p>Con inflamaci\u00f3n <em><strong>teleSURtv<\/strong><\/em><\/p>\n\n\n\n<p><\/p>\n","protected":false},"excerpt":{"rendered":"<p>Luis Abinader, presidente de la Rep\u00fablica Dominicana, declar\u00f3 due\u00f1o oficial los d\u00edas 8, 9 y 10 de abril, por motivo de la tr\u00e1gica situaci\u00f3n ocurrida en la discoteca Jet Set. El documento fue publicado por la Oficina de Presidencia de la Rep\u00fablica Dominicana. El decreto emitido se sustenta en lo establecido en la Constituci\u00f3n de [&hellip;]<\/p>\n","protected":false},"author":2,"featured_media":272414,"comment_status":"closed","ping_status":"closed","sticky":false,"template":"","format":"standard","meta":{"footnotes":""},"categories":[8],"tags":[3317,3358,3359],"class_list":{"0":"post-272413","1":"post","2":"type-post","3":"status-publish","4":"format-standard","5":"has-post-thumbnail","7":"category-internacionales","8":"tag-dominicana","9":"tag-duelo","10":"tag-tragedia"},"_links":{"self":[{"href":"https:\/\/elluchador.info\/index.php?rest_route=\/wp\/v2\/posts\/272413","targetHints":{"allow":["GET"]}}],"collection":[{"href":"https:\/\/elluchador.info\/index.php?rest_route=\/wp\/v2\/posts"}],"about":[{"href":"https:\/\/elluchador.info\/index.php?rest_route=\/wp\/v2\/types\/post"}],"author":[{"embeddable":true,"href":"https:\/\/elluchador.info\/index.php?rest_route=\/wp\/v2\/users\/2"}],"replies":[{"embeddable":true,"href":"https:\/\/elluchador.info\/index.php?rest_route=%2Fwp%2Fv2%2Fcomments&post=272413"}],"version-history":[{"count":1,"href":"https:\/\/elluchador.info\/index.php?rest_route=\/wp\/v2\/posts\/272413\/revisions"}],"predecessor-version":[{"id":272415,"href":"https:\/\/elluchador.info\/index.php?rest_route=\/wp\/v2\/posts\/272413\/revisions\/272415"}],"wp:featuredmedia":[{"embeddable":true,"href":"https:\/\/elluchador.info\/index.php?rest_route=\/wp\/v2\/media\/272414"}],"wp:attachment":[{"href":"https:\/\/elluchador.info\/index.php?rest_route=%2Fwp%2Fv2%2Fmedia&parent=272413"}],"wp:term":[{"taxonomy":"category","embeddable":true,"href":"https:\/\/elluchador.info\/index.php?rest_route=%2Fwp%2Fv2%2Fcategories&post=272413"},{"taxonomy":"post_tag","embeddable":true,"href":"https:\/\/elluchador.info\/index.php?rest_route=%2Fwp%2Fv2%2Ftags&post=272413"}],"curies":[{"name":"wp","href":"https:\/\/api.w.org\/{rel}","templated":true}]}}