{"id":272432,"date":"2025-04-08T18:17:44","date_gmt":"2025-04-08T22:17:44","guid":{"rendered":"https:\/\/elluchador.info\/?p=272432"},"modified":"2025-04-08T18:17:47","modified_gmt":"2025-04-08T22:17:47","slug":"rubby-perez-fallece-el-reconocido-merenguero-dominicano-tras-el-desplomo-del-techo-de-la-discoteca-jet-set","status":"publish","type":"post","link":"https:\/\/elluchador.info\/?p=272432","title":{"rendered":"Rubby P\u00e9rez: Fallece el reconocido merenguero dominicano tras el desplomo del techo de la discoteca Jet Set"},"content":{"rendered":"\n<p>Rubby P\u00e9rez, cuyo nombre de nacimiento era Roberto Antonio P\u00e9rez Herrera, naci\u00f3 el 8 de marzo de 1956 en Haina, Rep\u00fablica Dominicana. Conocido como \u00abLa voz m\u00e1s alta del merengue\u00bb, fue destacado cantante de merengue con una potente voz.<\/p>\n\n\n\n<p>Aunque su sue\u00f1o inicial era ser beisbolista, un accidente de tr\u00e1nsito lo llev\u00f3 a la m\u00fasica. Estudi\u00f3 en el Conservatorio Nacional de Santo Domingo, donde aprendi\u00f3 piano y guitarra.<\/p>\n\n\n\n<p>En horas de la tarde, por partes de medios digitales de Rep\u00fablica Dominicana, se confirmar la muerte del merenguero Rubby P\u00e9rez, tras quedar bajo escombros luego de que se desplomara el techo de una discoteca en Santo Domingo en la madrugada de este martes.<\/p>\n\n\n\n<p>P\u00e9rez, quien salt\u00f3 a la fama como integrante del tren delantero de la orquesta de Wilfrido Vargas en la d\u00e9cada de los 80, se present\u00f3 en el local nocturno Jet Set, en Santo Domingo.<\/p>\n\n\n\n<p>P\u00e9rez ser\u00e1 recordado como una figura emblem\u00e1tica del merengue, que llev\u00f3 su m\u00fasica a los m\u00e1s reconocidos escenarios internacionales.<\/p>\n\n\n\n<p>Con informaci\u00f3n <strong><em>2001 Live<\/em><\/strong><\/p>\n","protected":false},"excerpt":{"rendered":"<p>Rubby P\u00e9rez, cuyo nombre de nacimiento era Roberto Antonio P\u00e9rez Herrera, naci\u00f3 el 8 de marzo de 1956 en Haina, Rep\u00fablica Dominicana. Conocido como \u00abLa voz m\u00e1s alta del merengue\u00bb, fue destacado cantante de merengue con una potente voz. Aunque su sue\u00f1o inicial era ser beisbolista, un accidente de tr\u00e1nsito lo llev\u00f3 a la m\u00fasica. [&hellip;]<\/p>\n","protected":false},"author":2,"featured_media":272433,"comment_status":"closed","ping_status":"closed","sticky":false,"template":"","format":"standard","meta":{"footnotes":""},"categories":[7],"tags":[3358,2017,3366,3367],"class_list":{"0":"post-272432","1":"post","2":"type-post","3":"status-publish","4":"format-standard","5":"has-post-thumbnail","7":"category-entretenimiento","8":"tag-duelo","9":"tag-fallecio","10":"tag-merenguero-dominicano","11":"tag-rubby-perez"},"_links":{"self":[{"href":"https:\/\/elluchador.info\/index.php?rest_route=\/wp\/v2\/posts\/272432","targetHints":{"allow":["GET"]}}],"collection":[{"href":"https:\/\/elluchador.info\/index.php?rest_route=\/wp\/v2\/posts"}],"about":[{"href":"https:\/\/elluchador.info\/index.php?rest_route=\/wp\/v2\/types\/post"}],"author":[{"embeddable":true,"href":"https:\/\/elluchador.info\/index.php?rest_route=\/wp\/v2\/users\/2"}],"replies":[{"embeddable":true,"href":"https:\/\/elluchador.info\/index.php?rest_route=%2Fwp%2Fv2%2Fcomments&post=272432"}],"version-history":[{"count":1,"href":"https:\/\/elluchador.info\/index.php?rest_route=\/wp\/v2\/posts\/272432\/revisions"}],"predecessor-version":[{"id":272434,"href":"https:\/\/elluchador.info\/index.php?rest_route=\/wp\/v2\/posts\/272432\/revisions\/272434"}],"wp:featuredmedia":[{"embeddable":true,"href":"https:\/\/elluchador.info\/index.php?rest_route=\/wp\/v2\/media\/272433"}],"wp:attachment":[{"href":"https:\/\/elluchador.info\/index.php?rest_route=%2Fwp%2Fv2%2Fmedia&parent=272432"}],"wp:term":[{"taxonomy":"category","embeddable":true,"href":"https:\/\/elluchador.info\/index.php?rest_route=%2Fwp%2Fv2%2Fcategories&post=272432"},{"taxonomy":"post_tag","embeddable":true,"href":"https:\/\/elluchador.info\/index.php?rest_route=%2Fwp%2Fv2%2Ftags&post=272432"}],"curies":[{"name":"wp","href":"https:\/\/api.w.org\/{rel}","templated":true}]}}