{"id":272438,"date":"2025-04-08T18:52:00","date_gmt":"2025-04-08T22:52:00","guid":{"rendered":"https:\/\/elluchador.info\/?p=272438"},"modified":"2025-04-08T18:43:24","modified_gmt":"2025-04-08T22:43:24","slug":"amanda-dudamel-lanza-su-nuevo-emprendimiento-tributo-casa-de-cafe","status":"publish","type":"post","link":"https:\/\/elluchador.info\/?p=272438","title":{"rendered":"Amanda Dudamel lanza su nuevo emprendimiento \u00abTributo Casa de Caf\u00e9\u00bb"},"content":{"rendered":"\n<p>Amanda Dudamel contin\u00faa labrando el camino hacia sus metas con la misma pasi\u00f3n que la llev\u00f3 a conquistar las pasarelas como reina de belleza. Tras establecer su taller en su natal M\u00e9rida, la \u201cdise\u00f1adora de sue\u00f1os\u201d ahora trabaja en el lanzamiento de su primera colecci\u00f3n de moda, prometiendo piezas que cuenten historias a trav\u00e9s de cada hilo.<\/p>\n\n\n\n<p>No obstante, Amanda da puntadas m\u00e1s all\u00e1 del mundo de la moda. Su esp\u00edritu emprendedor la llev\u00f3 a fundar Tributo, una marca de caf\u00e9 de especialidad que nace de su amor por Venezuela. Junto a su prometido Daniel Roa Far\u00edas y su socio Edwin Acosta, materializ\u00f3 un nuevo hito al inaugurar, el pasado 4 de marzo, su primera casa de caf\u00e9 en Chacao. Este espacio se erigi\u00f3 como un homenaje al caf\u00e9 criollo, pero tambi\u00e9n es la convicci\u00f3n de que los sue\u00f1os pueden volverse realidad. Amanda y su equipo demuestran que, incluso en un contexto de desaf\u00edos, quienes creen y persisten pueden crear un impacto genuino.<\/p>\n\n\n\n<p>\u201cEs la primera vez que tenemos negocio de atenci\u00f3n al cliente. Ha sido un reto, porque ya la marca estaba en el mercado, ya vend\u00edamos caf\u00e9 en grano, pero sentimos que era el momento perfecto para tener el \u00faltimo eslab\u00f3n de la cadena de valor, que es poder servir el caf\u00e9 en taza y que la gente se lleve la experiencia completa. Tributo es un caf\u00e9 de especialidad y nuestra bandera es presentar los m\u00e9todos de extracci\u00f3n y los filtrados, que es una manera distinta de consumir y disfrutar del caf\u00e9\u201d, explic\u00f3 Dudamel.<\/p>\n\n\n\n<p>\u201cTodo ha venido de la mano de mi participaci\u00f3n en el Miss Venezuela y en convertirme como en una representante de la mujer venezolana, pero tambi\u00e9n lleg\u00f3 ese deseo de querer mostrar de d\u00f3nde soy\u201d, dijo la andina sobre ser embajadora de su gentilicio, conocido por su amabilidad.<\/p>\n\n\n\n<p><em><strong>\u00bfDe d\u00f3nde viene el caf\u00e9?<\/strong><\/em><\/p>\n\n\n\n<p>Todo es meride\u00f1o. Trabajamos con productores del Valle de Mocot\u00edes, del P\u00e1ramo de Mari\u00f1o, Mesa Quintero, Huaraque y nuestra casa de beneficio postcosecha, donde hacemos todo el procesamiento, est\u00e1 en Tovar.<\/p>\n\n\n\n<p>Con informaci\u00f3n de <strong><em>\u00daltimas Noticias <\/em><\/strong><\/p>\n","protected":false},"excerpt":{"rendered":"<p>Amanda Dudamel contin\u00faa labrando el camino hacia sus metas con la misma pasi\u00f3n que la llev\u00f3 a conquistar las pasarelas como reina de belleza. Tras establecer su taller en su natal M\u00e9rida, la \u201cdise\u00f1adora de sue\u00f1os\u201d ahora trabaja en el lanzamiento de su primera colecci\u00f3n de moda, prometiendo piezas que cuenten historias a trav\u00e9s de [&hellip;]<\/p>\n","protected":false},"author":2,"featured_media":272439,"comment_status":"closed","ping_status":"closed","sticky":false,"template":"","format":"standard","meta":{"footnotes":""},"categories":[7],"tags":[3371,648,2165],"class_list":{"0":"post-272438","1":"post","2":"type-post","3":"status-publish","4":"format-standard","5":"has-post-thumbnail","7":"category-entretenimiento","8":"tag-amanda-dudamel","9":"tag-emprendimientos","10":"tag-exportacion"},"_links":{"self":[{"href":"https:\/\/elluchador.info\/index.php?rest_route=\/wp\/v2\/posts\/272438","targetHints":{"allow":["GET"]}}],"collection":[{"href":"https:\/\/elluchador.info\/index.php?rest_route=\/wp\/v2\/posts"}],"about":[{"href":"https:\/\/elluchador.info\/index.php?rest_route=\/wp\/v2\/types\/post"}],"author":[{"embeddable":true,"href":"https:\/\/elluchador.info\/index.php?rest_route=\/wp\/v2\/users\/2"}],"replies":[{"embeddable":true,"href":"https:\/\/elluchador.info\/index.php?rest_route=%2Fwp%2Fv2%2Fcomments&post=272438"}],"version-history":[{"count":1,"href":"https:\/\/elluchador.info\/index.php?rest_route=\/wp\/v2\/posts\/272438\/revisions"}],"predecessor-version":[{"id":272440,"href":"https:\/\/elluchador.info\/index.php?rest_route=\/wp\/v2\/posts\/272438\/revisions\/272440"}],"wp:featuredmedia":[{"embeddable":true,"href":"https:\/\/elluchador.info\/index.php?rest_route=\/wp\/v2\/media\/272439"}],"wp:attachment":[{"href":"https:\/\/elluchador.info\/index.php?rest_route=%2Fwp%2Fv2%2Fmedia&parent=272438"}],"wp:term":[{"taxonomy":"category","embeddable":true,"href":"https:\/\/elluchador.info\/index.php?rest_route=%2Fwp%2Fv2%2Fcategories&post=272438"},{"taxonomy":"post_tag","embeddable":true,"href":"https:\/\/elluchador.info\/index.php?rest_route=%2Fwp%2Fv2%2Ftags&post=272438"}],"curies":[{"name":"wp","href":"https:\/\/api.w.org\/{rel}","templated":true}]}}