{"id":272454,"date":"2025-04-09T07:43:32","date_gmt":"2025-04-09T11:43:32","guid":{"rendered":"https:\/\/elluchador.info\/?p=272454"},"modified":"2025-04-09T07:43:36","modified_gmt":"2025-04-09T11:43:36","slug":"encuentran-muerta-a-nina-desaparecida-en-25-de-marzo","status":"publish","type":"post","link":"https:\/\/elluchador.info\/?p=272454","title":{"rendered":"Encuentran muerta a ni\u00f1a desaparecida en 25 de Marzo"},"content":{"rendered":"\n<p>\u200eEste martes 8 de abril fue localizado sin vida el cuerpo de una ni\u00f1a dentro de una zanja en el sector 25 de marzo, del callej\u00f3n \u00abVuelta la Burra\u00bb de San F\u00e9lix.<br>\u200e<br>\u200eFuncionarios de la Polic\u00eda del estado Bol\u00edvar y el Cuerpo de Investigaciones Cient\u00edficas, Penales y Criminal\u00edsticas de Ciudad Guayana ( CICPC), recibieron la llamada de los vecinos del sector, y al llegar verificaron la presencia del cuerpo de una peque\u00f1a, quien minutos despu\u00e9s se pudo confirmar que era la ni\u00f1a desaparecida Joscarly Gabriely Mora de 1 a\u00f1o de edad.<br>\u200e<br>\u200eLa ni\u00f1a Joscarly estaba reportada como desaparecida desde el domingo 6 de abril en el sector 25 de marzo, y al parecer fue raptada por un hombre cuando estaba con una prima y su hermanito.<br>\u200e<br>\u200eAutoridades iniciaron las averiguaciones para dar con el o los responsables de su muerte.<\/p>\n","protected":false},"excerpt":{"rendered":"<p>\u200eEste martes 8 de abril fue localizado sin vida el cuerpo de una ni\u00f1a dentro de una zanja en el sector 25 de marzo, del callej\u00f3n \u00abVuelta la Burra\u00bb de San F\u00e9lix.\u200e\u200eFuncionarios de la Polic\u00eda del estado Bol\u00edvar y el Cuerpo de Investigaciones Cient\u00edficas, Penales y Criminal\u00edsticas de Ciudad Guayana ( CICPC), recibieron la llamada [&hellip;]<\/p>\n","protected":false},"author":33,"featured_media":272455,"comment_status":"closed","ping_status":"closed","sticky":false,"template":"","format":"standard","meta":{"footnotes":""},"categories":[13],"tags":[3375,1477],"class_list":{"0":"post-272454","1":"post","2":"type-post","3":"status-publish","4":"format-standard","5":"has-post-thumbnail","7":"category-sucesos","8":"tag-nina-desaparecida","9":"tag-san-felix-2"},"_links":{"self":[{"href":"https:\/\/elluchador.info\/index.php?rest_route=\/wp\/v2\/posts\/272454","targetHints":{"allow":["GET"]}}],"collection":[{"href":"https:\/\/elluchador.info\/index.php?rest_route=\/wp\/v2\/posts"}],"about":[{"href":"https:\/\/elluchador.info\/index.php?rest_route=\/wp\/v2\/types\/post"}],"author":[{"embeddable":true,"href":"https:\/\/elluchador.info\/index.php?rest_route=\/wp\/v2\/users\/33"}],"replies":[{"embeddable":true,"href":"https:\/\/elluchador.info\/index.php?rest_route=%2Fwp%2Fv2%2Fcomments&post=272454"}],"version-history":[{"count":1,"href":"https:\/\/elluchador.info\/index.php?rest_route=\/wp\/v2\/posts\/272454\/revisions"}],"predecessor-version":[{"id":272456,"href":"https:\/\/elluchador.info\/index.php?rest_route=\/wp\/v2\/posts\/272454\/revisions\/272456"}],"wp:featuredmedia":[{"embeddable":true,"href":"https:\/\/elluchador.info\/index.php?rest_route=\/wp\/v2\/media\/272455"}],"wp:attachment":[{"href":"https:\/\/elluchador.info\/index.php?rest_route=%2Fwp%2Fv2%2Fmedia&parent=272454"}],"wp:term":[{"taxonomy":"category","embeddable":true,"href":"https:\/\/elluchador.info\/index.php?rest_route=%2Fwp%2Fv2%2Fcategories&post=272454"},{"taxonomy":"post_tag","embeddable":true,"href":"https:\/\/elluchador.info\/index.php?rest_route=%2Fwp%2Fv2%2Ftags&post=272454"}],"curies":[{"name":"wp","href":"https:\/\/api.w.org\/{rel}","templated":true}]}}