{"id":272460,"date":"2025-04-09T08:21:05","date_gmt":"2025-04-09T12:21:05","guid":{"rendered":"https:\/\/elluchador.info\/?p=272460"},"modified":"2025-04-09T08:21:08","modified_gmt":"2025-04-09T12:21:08","slug":"ad-no-participara-en-las-elecciones-regionales-y-legislativas-del-25m","status":"publish","type":"post","link":"https:\/\/elluchador.info\/?p=272460","title":{"rendered":"AD no participar\u00e1 en las elecciones regionales y legislativas del 25M"},"content":{"rendered":"\n<p>\u200eEl partido pol\u00edtico venezolano Acci\u00f3n Democr\u00e1tica (AD) anunci\u00f3 este martes, 8 de abril, que no participar\u00e1 en los comicios regionales y legislativos convocados para el 25 de mayo. La decisi\u00f3n fue tomada luego de una \u00abconsulta desde las bases hasta la direcci\u00f3n nacional\u00bb de la tolda blanca, en la cual los militantes y dirigentes adujeron numerosas razones para no ser parte del proceso comicial, principalmente por el \u00abdesconocimiento\u00bb de los verdaderos resultados de las presidenciales del 28 de julio de 2024.<br>\u200e<br>\u200eEsta informaci\u00f3n se dio a conocer a trav\u00e9s de un comunicado compartido por el secretario general de AD, Henry Ramos Allup. El documento indica que el partido consult\u00f3 ampliamente a sus bases en 1.129 parroquias, 332 municipios y las 25 seccionales pol\u00edticas.<br>\u200e<br>\u200e\u00abDe manera abrumadora y determinantes (los participantes) decidieron que no existen ni las garant\u00edas ni los mecanismos id\u00f3neos para concurrir a estos comicios\u00ab, se\u00f1ala el texto.<br>\u200e<br>\u200eLas razones para tomar esta decisi\u00f3n incluyen \u00abel desconocimiento a la voluntad ciudadana del resultado contundente del 28 de julio, la opacidad del registro electoral, la convocatoria en contra de los lapsos establecidos en la Ley, la existencia de presos pol\u00edticos, la inhabilitaci\u00f3n de candidatos y partidos, persecuci\u00f3n contra activistas que participan en las campa\u00f1as, la confiscaci\u00f3n de tarjetas de partidos a trav\u00e9s de decisiones judiciales y administrativas, entre muchas otras circunstancias\u00bb.<br>\u200e<br>\u200eDe igual manera, AD ratific\u00f3 su compromiso con la defensa del voto libre como \u00ab\u00fanico medio para resolver las diferencias, dirimir los conflictos y solventar la crisis integral que afecta gravemente al pa\u00eds\u00bb.<br>\u200e<br>\u200eTambi\u00e9n conden\u00f3 la represi\u00f3n y la violaci\u00f3n de los derechos humanos, adem\u00e1s de reiterar \u00absu compromiso con la verdadera unidad opositora\u00bb.<br>\u200e<br>\u200eFinalmente, el partido pidi\u00f3 respeto para todas las posiciones de las organizaciones de la \u00abverdadera oposici\u00f3n\u00bb respecto a si deciden participar o no en las elecciones de gobernadores, diputados de la Asamblea Nacional y legisladores municipales.<br>\u200e<br>\u200eCon informaci\u00f3n <strong><em>Sumarium<\/em><\/strong><\/p>\n","protected":false},"excerpt":{"rendered":"<p>\u200eEl partido pol\u00edtico venezolano Acci\u00f3n Democr\u00e1tica (AD) anunci\u00f3 este martes, 8 de abril, que no participar\u00e1 en los comicios regionales y legislativos convocados para el 25 de mayo. La decisi\u00f3n fue tomada luego de una \u00abconsulta desde las bases hasta la direcci\u00f3n nacional\u00bb de la tolda blanca, en la cual los militantes y dirigentes adujeron [&hellip;]<\/p>\n","protected":false},"author":33,"featured_media":272461,"comment_status":"closed","ping_status":"closed","sticky":false,"template":"","format":"standard","meta":{"footnotes":""},"categories":[11],"tags":[3378,285,105],"class_list":{"0":"post-272460","1":"post","2":"type-post","3":"status-publish","4":"format-standard","5":"has-post-thumbnail","7":"category-politica","8":"tag-ad","9":"tag-elecciones","10":"tag-venezuela"},"_links":{"self":[{"href":"https:\/\/elluchador.info\/index.php?rest_route=\/wp\/v2\/posts\/272460","targetHints":{"allow":["GET"]}}],"collection":[{"href":"https:\/\/elluchador.info\/index.php?rest_route=\/wp\/v2\/posts"}],"about":[{"href":"https:\/\/elluchador.info\/index.php?rest_route=\/wp\/v2\/types\/post"}],"author":[{"embeddable":true,"href":"https:\/\/elluchador.info\/index.php?rest_route=\/wp\/v2\/users\/33"}],"replies":[{"embeddable":true,"href":"https:\/\/elluchador.info\/index.php?rest_route=%2Fwp%2Fv2%2Fcomments&post=272460"}],"version-history":[{"count":1,"href":"https:\/\/elluchador.info\/index.php?rest_route=\/wp\/v2\/posts\/272460\/revisions"}],"predecessor-version":[{"id":272462,"href":"https:\/\/elluchador.info\/index.php?rest_route=\/wp\/v2\/posts\/272460\/revisions\/272462"}],"wp:featuredmedia":[{"embeddable":true,"href":"https:\/\/elluchador.info\/index.php?rest_route=\/wp\/v2\/media\/272461"}],"wp:attachment":[{"href":"https:\/\/elluchador.info\/index.php?rest_route=%2Fwp%2Fv2%2Fmedia&parent=272460"}],"wp:term":[{"taxonomy":"category","embeddable":true,"href":"https:\/\/elluchador.info\/index.php?rest_route=%2Fwp%2Fv2%2Fcategories&post=272460"},{"taxonomy":"post_tag","embeddable":true,"href":"https:\/\/elluchador.info\/index.php?rest_route=%2Fwp%2Fv2%2Ftags&post=272460"}],"curies":[{"name":"wp","href":"https:\/\/api.w.org\/{rel}","templated":true}]}}