{"id":272528,"date":"2025-04-09T17:39:45","date_gmt":"2025-04-09T21:39:45","guid":{"rendered":"https:\/\/elluchador.info\/?p=272528"},"modified":"2025-04-09T17:39:48","modified_gmt":"2025-04-09T21:39:48","slug":"alcaldia-de-caroni-decreta-feriado-el-11-de-abril","status":"publish","type":"post","link":"https:\/\/elluchador.info\/?p=272528","title":{"rendered":"Alcald\u00eda de Caron\u00ed decreta feriado el 11 de abril\u00a0"},"content":{"rendered":"\n<p>El alcalde del municipio Caron\u00ed, Tito Oviedo, decret\u00f3 este mi\u00e9rcoles \u00abd\u00eda festivo no laborable, y como consecuencia d\u00eda feriado\u00bb, el viernes 11 de abril del presente a\u00f1o, en conmemoraci\u00f3n de la Batalla de San F\u00e9lix.<\/p>\n\n\n\n<p>\u00abEs tradici\u00f3n conmemorar todos los a\u00f1os la haza\u00f1a lograda el 11 de abril de 1817 en la Batalla de San F\u00e9lix, para que las comunidades mantengan su patrimonio \u00e9pico como legado imperecedero de las nuevas generaciones\u00bb, se expresa en el decreto.<\/p>\n\n\n\n<p>Detalla que el feriado ser\u00e1 tanto para los trabajadores p\u00fablicos como privados, con base en el art\u00edculo 184 literal \u00abd\u00bb, de la Ley Org\u00e1nica del Trabajo, Trabajadores y Trabajadoras, \u00absalvo las excepciones previstas en la normativa que rige la materia\u00bb.<\/p>\n\n\n\n<p><strong><em>D\u00eda memorable<\/em><\/strong>\u00a0<\/p>\n\n\n\n<p>La Alcald\u00eda Bolivariana de Caron\u00ed indic\u00f3 que la organizaci\u00f3n del desfile c\u00edvico-militar est\u00e1 lista para honrar la gesta independentista de la gloriosa \u00abBatalla de Chirica\u00bb y la toma del Cerro El Gallo como simbolismo y reafirmaci\u00f3n patri\u00f3tica de la independencia y soberan\u00eda nacional.<\/p>\n\n\n\n<p>Componentes militares y de seguridad, milicianos, misiones y grandes misiones, estudiantes y el poder popular estar\u00e1n en la avenida Manuel Piar de San F\u00e9lix recordando la victoria crucial que marc\u00f3 el inicio para la independencia de Venezuela.<\/p>\n\n\n\n<p><strong>Prensa Alcald\u00eda de Caron\u00ed<\/strong><\/p>\n","protected":false},"excerpt":{"rendered":"<p>El alcalde del municipio Caron\u00ed, Tito Oviedo, decret\u00f3 este mi\u00e9rcoles \u00abd\u00eda festivo no laborable, y como consecuencia d\u00eda feriado\u00bb, el viernes 11 de abril del presente a\u00f1o, en conmemoraci\u00f3n de la Batalla de San F\u00e9lix. \u00abEs tradici\u00f3n conmemorar todos los a\u00f1os la haza\u00f1a lograda el 11 de abril de 1817 en la Batalla de San [&hellip;]<\/p>\n","protected":false},"author":33,"featured_media":272531,"comment_status":"closed","ping_status":"closed","sticky":false,"template":"","format":"standard","meta":{"footnotes":""},"categories":[5,12],"tags":[195,1178],"class_list":{"0":"post-272528","1":"post","2":"type-post","3":"status-publish","4":"format-standard","5":"has-post-thumbnail","7":"category-destacado","8":"category-regionales","9":"tag-aniversario","10":"tag-ciudad-guayana"},"_links":{"self":[{"href":"https:\/\/elluchador.info\/index.php?rest_route=\/wp\/v2\/posts\/272528","targetHints":{"allow":["GET"]}}],"collection":[{"href":"https:\/\/elluchador.info\/index.php?rest_route=\/wp\/v2\/posts"}],"about":[{"href":"https:\/\/elluchador.info\/index.php?rest_route=\/wp\/v2\/types\/post"}],"author":[{"embeddable":true,"href":"https:\/\/elluchador.info\/index.php?rest_route=\/wp\/v2\/users\/33"}],"replies":[{"embeddable":true,"href":"https:\/\/elluchador.info\/index.php?rest_route=%2Fwp%2Fv2%2Fcomments&post=272528"}],"version-history":[{"count":1,"href":"https:\/\/elluchador.info\/index.php?rest_route=\/wp\/v2\/posts\/272528\/revisions"}],"predecessor-version":[{"id":272532,"href":"https:\/\/elluchador.info\/index.php?rest_route=\/wp\/v2\/posts\/272528\/revisions\/272532"}],"wp:featuredmedia":[{"embeddable":true,"href":"https:\/\/elluchador.info\/index.php?rest_route=\/wp\/v2\/media\/272531"}],"wp:attachment":[{"href":"https:\/\/elluchador.info\/index.php?rest_route=%2Fwp%2Fv2%2Fmedia&parent=272528"}],"wp:term":[{"taxonomy":"category","embeddable":true,"href":"https:\/\/elluchador.info\/index.php?rest_route=%2Fwp%2Fv2%2Fcategories&post=272528"},{"taxonomy":"post_tag","embeddable":true,"href":"https:\/\/elluchador.info\/index.php?rest_route=%2Fwp%2Fv2%2Ftags&post=272528"}],"curies":[{"name":"wp","href":"https:\/\/api.w.org\/{rel}","templated":true}]}}