{"id":272539,"date":"2025-04-09T19:56:46","date_gmt":"2025-04-09T23:56:46","guid":{"rendered":"https:\/\/elluchador.info\/?p=272539"},"modified":"2025-04-09T19:56:49","modified_gmt":"2025-04-09T23:56:49","slug":"vicepresidenta-trabajadores-publicos-libraran-en-toda-la-semana-santa","status":"publish","type":"post","link":"https:\/\/elluchador.info\/?p=272539","title":{"rendered":"Vicepresidenta: Trabajadores p\u00fablicos librar\u00e1n en toda la Semana Santa"},"content":{"rendered":"\n<p>\u200eLa vicepresidenta de Venezuela, Del y Rodr\u00edguez, inform\u00f3 este mi\u00e9rcoles que los trabajadores p\u00fablicos tendr\u00e1n libre todos los d\u00edas de Semana Santa, como parte del plan de ahorro energ\u00e9tico implementado por el Ejecutivo nacional.<br>\u200e<br>\u200eDe acuerdo con <em>Uni\u00f3n Radio<\/em>, solo los sectores esenciales que prestan servicios prioritarios con normalidad los d\u00edas lunes, martes y mi\u00e9rcoles.<br>\u200e<br>\u200e\u201cA partir de este viernes todos los trabajadores del sector p\u00fablico van a tener de asueto la Semana Santa, lunes, martes, mi\u00e9rcoles, jueves y viernes. Excepto, por supuesto, los sectores esenciales que prestan servicios prioritarios\u201d, asever\u00f3 la alta funcionaria.<br>\u200e<br>\u200eCon informaci\u00f3n <strong><em>Sumarium<\/em><\/strong><\/p>\n","protected":false},"excerpt":{"rendered":"<p>\u200eLa vicepresidenta de Venezuela, Del y Rodr\u00edguez, inform\u00f3 este mi\u00e9rcoles que los trabajadores p\u00fablicos tendr\u00e1n libre todos los d\u00edas de Semana Santa, como parte del plan de ahorro energ\u00e9tico implementado por el Ejecutivo nacional.\u200e\u200eDe acuerdo con Uni\u00f3n Radio, solo los sectores esenciales que prestan servicios prioritarios con normalidad los d\u00edas lunes, martes y mi\u00e9rcoles.\u200e\u200e\u201cA partir [&hellip;]<\/p>\n","protected":false},"author":33,"featured_media":272540,"comment_status":"closed","ping_status":"closed","sticky":false,"template":"","format":"standard","meta":{"footnotes":""},"categories":[5,9],"tags":[954,2370,1933],"class_list":{"0":"post-272539","1":"post","2":"type-post","3":"status-publish","4":"format-standard","5":"has-post-thumbnail","7":"category-destacado","8":"category-nacionales","9":"tag-semana-santa","10":"tag-trabajadores","11":"tag-vicepresidenta"},"_links":{"self":[{"href":"https:\/\/elluchador.info\/index.php?rest_route=\/wp\/v2\/posts\/272539","targetHints":{"allow":["GET"]}}],"collection":[{"href":"https:\/\/elluchador.info\/index.php?rest_route=\/wp\/v2\/posts"}],"about":[{"href":"https:\/\/elluchador.info\/index.php?rest_route=\/wp\/v2\/types\/post"}],"author":[{"embeddable":true,"href":"https:\/\/elluchador.info\/index.php?rest_route=\/wp\/v2\/users\/33"}],"replies":[{"embeddable":true,"href":"https:\/\/elluchador.info\/index.php?rest_route=%2Fwp%2Fv2%2Fcomments&post=272539"}],"version-history":[{"count":1,"href":"https:\/\/elluchador.info\/index.php?rest_route=\/wp\/v2\/posts\/272539\/revisions"}],"predecessor-version":[{"id":272541,"href":"https:\/\/elluchador.info\/index.php?rest_route=\/wp\/v2\/posts\/272539\/revisions\/272541"}],"wp:featuredmedia":[{"embeddable":true,"href":"https:\/\/elluchador.info\/index.php?rest_route=\/wp\/v2\/media\/272540"}],"wp:attachment":[{"href":"https:\/\/elluchador.info\/index.php?rest_route=%2Fwp%2Fv2%2Fmedia&parent=272539"}],"wp:term":[{"taxonomy":"category","embeddable":true,"href":"https:\/\/elluchador.info\/index.php?rest_route=%2Fwp%2Fv2%2Fcategories&post=272539"},{"taxonomy":"post_tag","embeddable":true,"href":"https:\/\/elluchador.info\/index.php?rest_route=%2Fwp%2Fv2%2Ftags&post=272539"}],"curies":[{"name":"wp","href":"https:\/\/api.w.org\/{rel}","templated":true}]}}