{"id":272570,"date":"2025-04-10T09:05:00","date_gmt":"2025-04-10T13:05:00","guid":{"rendered":"https:\/\/elluchador.info\/?p=272570"},"modified":"2025-04-10T00:27:24","modified_gmt":"2025-04-10T04:27:24","slug":"avior-airlines-reactiva-ruta-entre-caracas-y-el-vigia","status":"publish","type":"post","link":"https:\/\/elluchador.info\/?p=272570","title":{"rendered":"Avior Airlines reactiva ruta entre Caracas y El Vig\u00eda"},"content":{"rendered":"\n<p>La aeronave Boeing 737-200 con capacidad de 108 pasajeros fue reactivada por la aerol\u00ednea Avior en el aeropuerto Juan Pablo P\u00e9rez Alfonzo para el destino Caracas \u2013 El Vig\u00eda ida y vuelta.<\/p>\n\n\n\n<p>Los usuarios tendr\u00e1n la opci\u00f3n de cuatro vuelos semanales (lunes, mi\u00e9rcoles, viernes y domingos), \u00abcon la proyecci\u00f3n de incorporar la frecuencia del d\u00eda s\u00e1bado; el avi\u00f3n est\u00e1 dividido en varias secciones y cada una tiene su tarifa, de acuerdo a la demanda que tenga cada uno de esos vuelos\u00bb, inform\u00f3 el presidente de Avior, Jorge A\u00f1ez.<\/p>\n\n\n\n<p>Describi\u00f3 A\u00f1ez que esta ruta (Caracas-El Vig\u00eda) permite ofrecer conexi\u00f3n a los dem\u00e1s destinos de Avior como Barcelona, Margarita, Puerto Ordaz, Barquisimeto, entre otros, adem\u00e1s de una conexi\u00f3n internacional hacia la ciudad de Medell\u00edn (Col) con escala en Caracas.<\/p>\n\n\n\n<p>Agreg\u00f3 que la ruta inici\u00f3 este lunes con 80 pasajeros que tomaron el destino Caracas-El Vig\u00eda con la compra de boletos desde 50 d\u00f3lares. La ruta a\u00e9rea estuvo suspendida por dos a\u00f1os.<\/p>\n\n\n\n<p>Por su parte, el secretario General de Gobierno, Richard Lobo, destac\u00f3 que la iniciativa fortalece la econom\u00eda local. \u00abLa oferta de estas frecuencias a\u00e9reas dinamiza el \u00e1rea de turismo y consolida los esfuerzos del gobernador Jehyson Guzm\u00e1n junto al presidente Nicol\u00e1s Maduro de avanzar en la prosperidad econ\u00f3mica del estado y el pa\u00eds. Seguimos trabajando para tener 100% activo el aeropuerto Alberto Carnevali\u00bb.<\/p>\n\n\n\n<p>Con informaci\u00f3n <strong><em>\u00daltimas Noticias<\/em><\/strong><\/p>\n\n\n\n<p><\/p>\n","protected":false},"excerpt":{"rendered":"<p>La aeronave Boeing 737-200 con capacidad de 108 pasajeros fue reactivada por la aerol\u00ednea Avior en el aeropuerto Juan Pablo P\u00e9rez Alfonzo para el destino Caracas \u2013 El Vig\u00eda ida y vuelta. Los usuarios tendr\u00e1n la opci\u00f3n de cuatro vuelos semanales (lunes, mi\u00e9rcoles, viernes y domingos), \u00abcon la proyecci\u00f3n de incorporar la frecuencia del d\u00eda [&hellip;]<\/p>\n","protected":false},"author":2,"featured_media":272572,"comment_status":"closed","ping_status":"closed","sticky":false,"template":"","format":"standard","meta":{"footnotes":""},"categories":[9],"tags":[105,136,566],"class_list":{"0":"post-272570","1":"post","2":"type-post","3":"status-publish","4":"format-standard","5":"has-post-thumbnail","7":"category-nacionales","8":"tag-venezuela","9":"tag-vuelos","10":"tag-vuelos-maiquetia"},"_links":{"self":[{"href":"https:\/\/elluchador.info\/index.php?rest_route=\/wp\/v2\/posts\/272570","targetHints":{"allow":["GET"]}}],"collection":[{"href":"https:\/\/elluchador.info\/index.php?rest_route=\/wp\/v2\/posts"}],"about":[{"href":"https:\/\/elluchador.info\/index.php?rest_route=\/wp\/v2\/types\/post"}],"author":[{"embeddable":true,"href":"https:\/\/elluchador.info\/index.php?rest_route=\/wp\/v2\/users\/2"}],"replies":[{"embeddable":true,"href":"https:\/\/elluchador.info\/index.php?rest_route=%2Fwp%2Fv2%2Fcomments&post=272570"}],"version-history":[{"count":1,"href":"https:\/\/elluchador.info\/index.php?rest_route=\/wp\/v2\/posts\/272570\/revisions"}],"predecessor-version":[{"id":272571,"href":"https:\/\/elluchador.info\/index.php?rest_route=\/wp\/v2\/posts\/272570\/revisions\/272571"}],"wp:featuredmedia":[{"embeddable":true,"href":"https:\/\/elluchador.info\/index.php?rest_route=\/wp\/v2\/media\/272572"}],"wp:attachment":[{"href":"https:\/\/elluchador.info\/index.php?rest_route=%2Fwp%2Fv2%2Fmedia&parent=272570"}],"wp:term":[{"taxonomy":"category","embeddable":true,"href":"https:\/\/elluchador.info\/index.php?rest_route=%2Fwp%2Fv2%2Fcategories&post=272570"},{"taxonomy":"post_tag","embeddable":true,"href":"https:\/\/elluchador.info\/index.php?rest_route=%2Fwp%2Fv2%2Ftags&post=272570"}],"curies":[{"name":"wp","href":"https:\/\/api.w.org\/{rel}","templated":true}]}}