{"id":272579,"date":"2025-04-10T09:38:00","date_gmt":"2025-04-10T13:38:00","guid":{"rendered":"https:\/\/elluchador.info\/?p=272579"},"modified":"2025-04-10T01:01:10","modified_gmt":"2025-04-10T05:01:10","slug":"exportaciones-brasilenas-de-cafe-caen-alrededor-de-un-25","status":"publish","type":"post","link":"https:\/\/elluchador.info\/?p=272579","title":{"rendered":"Exportaciones brasile\u00f1as de caf\u00e9 caen alrededor de un 25%"},"content":{"rendered":"\n<p>Brasil, mayor productor y abastecedor mundial de caf\u00e9, export\u00f3 en marzo 3,29 millones de sacos (de 60 kilos) del grano, volumen en un 24,9% inferior al del mismo mes de 2024.<\/p>\n\n\n\n<p>Seg\u00fan el Consejo de Exportadores de Caf\u00e9 (Cecaf\u00e9) de Brasil, pese a la ca\u00edda del volumen embarcado, el valor de las ventas subi\u00f3 un 41,8% frente a marzo del a\u00f1o pasado, hasta 1.321 millones de d\u00f3lares.<\/p>\n\n\n\n<p>En el primer trimestre del 2025, la exportaci\u00f3n de caf\u00e9 brasile\u00f1o fue un 11,3% menor que en el mismo per\u00edodo del a\u00f1o anterior, aunque represent\u00f3 una facturaci\u00f3n un 54,3% mayor, que casi alcanz\u00f3 los 4.000 millones de d\u00f3lares.<\/p>\n\n\n\n<p>Por otro lado, la evoluci\u00f3n de los ingresos por ventas se justifica por \u00ablos altos precios en el mercado internacional\u00bb, escenario que, seg\u00fan M\u00e1rcio Ferreira, \u00abpuede presentar algunos cambios a futuro debido al se\u00f1alamiento de nuevas pol\u00edticas comerciales y conflictos econ\u00f3micos entre las principales econom\u00edas globales\u00bb.<\/p>\n\n\n\n<p>En ese sentido, adem\u00e1s de citar a las \u00abcondiciones clim\u00e1ticas extremas\u00bb que han afectado la productividad en las plantaciones de caf\u00e9, el director de Cecaf\u00e9 afirm\u00f3 que se observa \u00abun enfriamiento del mercado\u00bb debido a la incertidumbre que han generado los aranceles anunciados por el presidente de Estados Unidos, Donald Trump.<\/p>\n\n\n\n<p>La intertidumbre, seg\u00fan el comunicado, \u00abha impactado a todas las econom\u00edas y provocado la ca\u00edda de los mercados\u00bb, incluso el cafetero.<\/p>\n\n\n\n<p>Con informaci\u00f3n <strong><em>Banca y Negocios<\/em><\/strong><\/p>\n\n\n\n<p><\/p>\n","protected":false},"excerpt":{"rendered":"<p>Brasil, mayor productor y abastecedor mundial de caf\u00e9, export\u00f3 en marzo 3,29 millones de sacos (de 60 kilos) del grano, volumen en un 24,9% inferior al del mismo mes de 2024. Seg\u00fan el Consejo de Exportadores de Caf\u00e9 (Cecaf\u00e9) de Brasil, pese a la ca\u00edda del volumen embarcado, el valor de las ventas subi\u00f3 un [&hellip;]<\/p>\n","protected":false},"author":2,"featured_media":272580,"comment_status":"closed","ping_status":"closed","sticky":false,"template":"","format":"standard","meta":{"footnotes":""},"categories":[6],"tags":[687,364,2575,2452],"class_list":{"0":"post-272579","1":"post","2":"type-post","3":"status-publish","4":"format-standard","5":"has-post-thumbnail","7":"category-economia","8":"tag-brasil","9":"tag-cafe","10":"tag-caida","11":"tag-exportaciones"},"_links":{"self":[{"href":"https:\/\/elluchador.info\/index.php?rest_route=\/wp\/v2\/posts\/272579","targetHints":{"allow":["GET"]}}],"collection":[{"href":"https:\/\/elluchador.info\/index.php?rest_route=\/wp\/v2\/posts"}],"about":[{"href":"https:\/\/elluchador.info\/index.php?rest_route=\/wp\/v2\/types\/post"}],"author":[{"embeddable":true,"href":"https:\/\/elluchador.info\/index.php?rest_route=\/wp\/v2\/users\/2"}],"replies":[{"embeddable":true,"href":"https:\/\/elluchador.info\/index.php?rest_route=%2Fwp%2Fv2%2Fcomments&post=272579"}],"version-history":[{"count":1,"href":"https:\/\/elluchador.info\/index.php?rest_route=\/wp\/v2\/posts\/272579\/revisions"}],"predecessor-version":[{"id":272581,"href":"https:\/\/elluchador.info\/index.php?rest_route=\/wp\/v2\/posts\/272579\/revisions\/272581"}],"wp:featuredmedia":[{"embeddable":true,"href":"https:\/\/elluchador.info\/index.php?rest_route=\/wp\/v2\/media\/272580"}],"wp:attachment":[{"href":"https:\/\/elluchador.info\/index.php?rest_route=%2Fwp%2Fv2%2Fmedia&parent=272579"}],"wp:term":[{"taxonomy":"category","embeddable":true,"href":"https:\/\/elluchador.info\/index.php?rest_route=%2Fwp%2Fv2%2Fcategories&post=272579"},{"taxonomy":"post_tag","embeddable":true,"href":"https:\/\/elluchador.info\/index.php?rest_route=%2Fwp%2Fv2%2Ftags&post=272579"}],"curies":[{"name":"wp","href":"https:\/\/api.w.org\/{rel}","templated":true}]}}