{"id":272623,"date":"2025-04-10T11:59:12","date_gmt":"2025-04-10T15:59:12","guid":{"rendered":"https:\/\/elluchador.info\/?p=272623"},"modified":"2025-04-10T11:59:16","modified_gmt":"2025-04-10T15:59:16","slug":"la-tata-hizo-acto-de-presencia-en-las-asambleas-populares-en-caroni","status":"publish","type":"post","link":"https:\/\/elluchador.info\/?p=272623","title":{"rendered":"La \u00abTata\u00bb hizo acto de presencia en las asambleas populares en Caron\u00ed"},"content":{"rendered":"\n<p>Yulisbeth Garc\u00eda en compa\u00f1\u00eda del alcalde de Caron\u00ed, Tito Oviedo. Comparti\u00f3 una jornada con circuitos comunales como: movimientos sociales, Bases de Misiones, Grandes Misiones, juventud, estudiantes, mujeres revolucionarias y abuelos del sector Brisas del Sur en San F\u00e9lix.<\/p>\n\n\n\n<p>Este encuentro fue una muestra de la democracia participativa, d\u00f3nde los asistentes compartieron sus experiencias y expresaron sus inquietudes, destacando la armon\u00eda y la paz que se construye d\u00eda a d\u00eda en los territorios.<\/p>\n\n\n\n<p>La candidata se mostr\u00f3 agradecida por la calidez y el apoyo recibido. \u00bb Que hermoso el pueblo de Chirica, mi coraz\u00f3n est\u00e1 lleno de gratitud por cada asamblea, cada voz y cada mirada esperanzadora de hombres y mujeres que nos recuerdan por qu\u00e9 estamos aqu\u00ed, simplemente para servir\u00bb, Expres\u00f3.<\/p>\n\n\n\n<p><strong><em>Liderazgo del presidente Maduro<\/em><\/strong><\/p>\n\n\n\n<p>Por su parte, la jornada tambi\u00e9n fue un homenaje al liderazgo del presidente Nicol\u00e1s Maduro, quien ha respaldo la creaci\u00f3n de estos espacios de encuentro popular, que fortalecen la unidad del pueblo bol\u00edvarense.<\/p>\n\n\n\n<p>\u00abUstedes son la columna vertebral de esta revoluci\u00f3n, sembradores de paz, constructores de esperanza. Sigamos caminando juntos, con humildad, con valent\u00eda y con la certeza de que cuando el pueblo se organiza, el futuro se transforma\u00bb, fueron las palabras emitidas por Yulisbeth Garc\u00eda.<\/p>\n\n\n\n<p>Adem\u00e1s el alcalde de Caron\u00ed, Tito Oviedo, Comunic\u00f3 que se aproximan nuevas jornadas para el estado Bol\u00edvar entre ellas; la Consulta Popular Nacional del 25 de abril, extendiendo el llamado a la organizaci\u00f3n para la escogencia de los proyectos prioritarios que garantizar\u00e1n el desarrollo parroquial en cada comunidad.<\/p>\n\n\n\n<p>Con informaci\u00f3n <em><strong>Diario Primicia<\/strong><\/em><\/p>\n","protected":false},"excerpt":{"rendered":"<p>Yulisbeth Garc\u00eda en compa\u00f1\u00eda del alcalde de Caron\u00ed, Tito Oviedo. Comparti\u00f3 una jornada con circuitos comunales como: movimientos sociales, Bases de Misiones, Grandes Misiones, juventud, estudiantes, mujeres revolucionarias y abuelos del sector Brisas del Sur en San F\u00e9lix. Este encuentro fue una muestra de la democracia participativa, d\u00f3nde los asistentes compartieron sus experiencias y expresaron [&hellip;]<\/p>\n","protected":false},"author":2,"featured_media":272624,"comment_status":"closed","ping_status":"closed","sticky":false,"template":"","format":"standard","meta":{"footnotes":""},"categories":[11],"tags":[3293,3407,3406,3408],"class_list":{"0":"post-272623","1":"post","2":"type-post","3":"status-publish","4":"format-standard","5":"has-post-thumbnail","7":"category-politica","8":"tag-caroni-2","9":"tag-asambleas","10":"tag-candidata","11":"tag-yulisbeth-garcia"},"_links":{"self":[{"href":"https:\/\/elluchador.info\/index.php?rest_route=\/wp\/v2\/posts\/272623","targetHints":{"allow":["GET"]}}],"collection":[{"href":"https:\/\/elluchador.info\/index.php?rest_route=\/wp\/v2\/posts"}],"about":[{"href":"https:\/\/elluchador.info\/index.php?rest_route=\/wp\/v2\/types\/post"}],"author":[{"embeddable":true,"href":"https:\/\/elluchador.info\/index.php?rest_route=\/wp\/v2\/users\/2"}],"replies":[{"embeddable":true,"href":"https:\/\/elluchador.info\/index.php?rest_route=%2Fwp%2Fv2%2Fcomments&post=272623"}],"version-history":[{"count":1,"href":"https:\/\/elluchador.info\/index.php?rest_route=\/wp\/v2\/posts\/272623\/revisions"}],"predecessor-version":[{"id":272625,"href":"https:\/\/elluchador.info\/index.php?rest_route=\/wp\/v2\/posts\/272623\/revisions\/272625"}],"wp:featuredmedia":[{"embeddable":true,"href":"https:\/\/elluchador.info\/index.php?rest_route=\/wp\/v2\/media\/272624"}],"wp:attachment":[{"href":"https:\/\/elluchador.info\/index.php?rest_route=%2Fwp%2Fv2%2Fmedia&parent=272623"}],"wp:term":[{"taxonomy":"category","embeddable":true,"href":"https:\/\/elluchador.info\/index.php?rest_route=%2Fwp%2Fv2%2Fcategories&post=272623"},{"taxonomy":"post_tag","embeddable":true,"href":"https:\/\/elluchador.info\/index.php?rest_route=%2Fwp%2Fv2%2Ftags&post=272623"}],"curies":[{"name":"wp","href":"https:\/\/api.w.org\/{rel}","templated":true}]}}