{"id":272830,"date":"2025-04-11T10:06:00","date_gmt":"2025-04-11T14:06:00","guid":{"rendered":"https:\/\/elluchador.info\/?p=272830"},"modified":"2025-04-11T02:46:56","modified_gmt":"2025-04-11T06:46:56","slug":"asamblea-nacional-iniciara-debate-sobre-la-ley-organica-del-plan-de-la-patria-de-las-7t","status":"publish","type":"post","link":"https:\/\/elluchador.info\/?p=272830","title":{"rendered":"Asamblea Nacional iniciar\u00e1 debate sobre la Ley Org\u00e1nica del Plan de la Patria de las 7T"},"content":{"rendered":"\n<p>El pr\u00f3ximo martes 22 de abril, la Asamblea Nacional (AN) \u00abentra a debatir y a aprobar la Ley Org\u00e1nica del Plan de la Patria de las 7 Transformaciones, rumbo al futuro 2025-2031, para que sea ley de la Rep\u00fablica Bolivariana de Venezuela\u00bb.<\/p>\n\n\n\n<p>La informaci\u00f3n la dio a conocer el presidente de la Rep\u00fablica Bolivariana de Venezuela, desde la Comuna Guaicamacuto Bicentenario Lim\u00f3n Nuevo D\u00eda, ubicada en la carretera Caracas \u2013 La Guaira.<\/p>\n\n\n\n<p>\u00abLey de todos, de todas, plan de todos. Nunca antes esto lo hab\u00edamos logrado con tanta calidad, con tanto conocimiento, este es el socialismo cient\u00edfico\u00bb, resalt\u00f3 el presidente.<\/p>\n\n\n\n<p>\u00abTenemos que seguir apoyando el Poder Popular\u00bb\u00bb, dijo desde el lugar, donde constat\u00f3 los avances del trabajo que hace la comunidad, para el reforzamientos de sus proyectos en el territorio.<\/p>\n\n\n\n<p>En este contexto, el dignatario manifest\u00f3 que se ha conseguido el camino correcto. \u00abTenemos la fuerza y el manto sagrado de Nuestro Se\u00f1or Jesucristo. Llevamos el estandarte de los ej\u00e9rcitos unidos libertadores de Am\u00e9rica. Ustedes son hijos e hijas del comandante Hugo Ch\u00e1vez Fr\u00edas\u00bb, dijo a los presentes.<\/p>\n\n\n\n<p>De igual forma, agreg\u00f3 que las Siete Transformaciones son las que van a llevar el pueblo de la resistencia al desarrollo, y del desarrollo a la prosperidad. \u00abEste es el camino Bol\u00edvar-Ch\u00e1vez y Maduro y el pueblo, esto es un proceso hist\u00f3rico y tenemos todas las ideas para ponerlas en pr\u00e1ctica, porque este es el plan m\u00e1s consultado\u00bb, aclar\u00f3.<\/p>\n\n\n\n<p>Con informaci\u00f3n <em><strong>\u00daltimas Noticias <\/strong><\/em><\/p>\n","protected":false},"excerpt":{"rendered":"<p>El pr\u00f3ximo martes 22 de abril, la Asamblea Nacional (AN) \u00abentra a debatir y a aprobar la Ley Org\u00e1nica del Plan de la Patria de las 7 Transformaciones, rumbo al futuro 2025-2031, para que sea ley de la Rep\u00fablica Bolivariana de Venezuela\u00bb. La informaci\u00f3n la dio a conocer el presidente de la Rep\u00fablica Bolivariana de [&hellip;]<\/p>\n","protected":false},"author":2,"featured_media":272831,"comment_status":"closed","ping_status":"closed","sticky":false,"template":"","format":"standard","meta":{"footnotes":""},"categories":[9],"tags":[3428,3374,105],"class_list":{"0":"post-272830","1":"post","2":"type-post","3":"status-publish","4":"format-standard","5":"has-post-thumbnail","7":"category-nacionales","8":"tag-ley-del-plan-de-la-patria-de-las-7t","9":"tag-nicolas-maduro","10":"tag-venezuela"},"_links":{"self":[{"href":"https:\/\/elluchador.info\/index.php?rest_route=\/wp\/v2\/posts\/272830","targetHints":{"allow":["GET"]}}],"collection":[{"href":"https:\/\/elluchador.info\/index.php?rest_route=\/wp\/v2\/posts"}],"about":[{"href":"https:\/\/elluchador.info\/index.php?rest_route=\/wp\/v2\/types\/post"}],"author":[{"embeddable":true,"href":"https:\/\/elluchador.info\/index.php?rest_route=\/wp\/v2\/users\/2"}],"replies":[{"embeddable":true,"href":"https:\/\/elluchador.info\/index.php?rest_route=%2Fwp%2Fv2%2Fcomments&post=272830"}],"version-history":[{"count":1,"href":"https:\/\/elluchador.info\/index.php?rest_route=\/wp\/v2\/posts\/272830\/revisions"}],"predecessor-version":[{"id":272832,"href":"https:\/\/elluchador.info\/index.php?rest_route=\/wp\/v2\/posts\/272830\/revisions\/272832"}],"wp:featuredmedia":[{"embeddable":true,"href":"https:\/\/elluchador.info\/index.php?rest_route=\/wp\/v2\/media\/272831"}],"wp:attachment":[{"href":"https:\/\/elluchador.info\/index.php?rest_route=%2Fwp%2Fv2%2Fmedia&parent=272830"}],"wp:term":[{"taxonomy":"category","embeddable":true,"href":"https:\/\/elluchador.info\/index.php?rest_route=%2Fwp%2Fv2%2Fcategories&post=272830"},{"taxonomy":"post_tag","embeddable":true,"href":"https:\/\/elluchador.info\/index.php?rest_route=%2Fwp%2Fv2%2Ftags&post=272830"}],"curies":[{"name":"wp","href":"https:\/\/api.w.org\/{rel}","templated":true}]}}