{"id":272844,"date":"2025-04-11T10:51:08","date_gmt":"2025-04-11T14:51:08","guid":{"rendered":"https:\/\/elluchador.info\/?p=272844"},"modified":"2025-04-11T10:51:11","modified_gmt":"2025-04-11T14:51:11","slug":"llega-rafael-dudamel-al-deportivo-pereira-como-director-tecnico","status":"publish","type":"post","link":"https:\/\/elluchador.info\/?p=272844","title":{"rendered":"Llega Rafael Dudamel al Deportivo Pereira como Director T\u00e9cnico"},"content":{"rendered":"\n<p>Deportivo Pereira oficializ\u00f3 la llegada de Rafael Dudamel para que tome las riendas de la plantilla profesional para la Liga y Copa BetPlay 2025.<\/p>\n\n\n\n<p>Dudamel, regresa al F\u00fatbol Profesional Colombiano, despu\u00e9s de haber salido del Atl\u00e9tico Bucaramanga, meses despu\u00e9s de haber sido el l\u00edder del primer t\u00edtulo liguero de la escuadra santandereana en el primer semestre del 2024.<\/p>\n\n\n\n<p>El \u00faltimo partido que dirigi\u00f3 fue el 17 de noviembre de 2024. Despu\u00e9s de all\u00ed el el estratega venezolano manifest\u00f3 y di\u00f3 nuestras de estar disfrutando de unas vacaciones.<\/p>\n\n\n\n<p>Cabe destacar qu\u00e9, su debut podr\u00eda darse este s\u00e1bado 12 de abril, cuando Pereira visite a Uni\u00f3n Magdalena.<\/p>\n\n\n\n<p>Con informaci\u00f3n <strong><em>Diario Primicia<\/em><\/strong><\/p>\n","protected":false},"excerpt":{"rendered":"<p>Deportivo Pereira oficializ\u00f3 la llegada de Rafael Dudamel para que tome las riendas de la plantilla profesional para la Liga y Copa BetPlay 2025. Dudamel, regresa al F\u00fatbol Profesional Colombiano, despu\u00e9s de haber salido del Atl\u00e9tico Bucaramanga, meses despu\u00e9s de haber sido el l\u00edder del primer t\u00edtulo liguero de la escuadra santandereana en el primer [&hellip;]<\/p>\n","protected":false},"author":2,"featured_media":272845,"comment_status":"closed","ping_status":"closed","sticky":false,"template":"","format":"standard","meta":{"footnotes":""},"categories":[4],"tags":[40,3432],"class_list":{"0":"post-272844","1":"post","2":"type-post","3":"status-publish","4":"format-standard","5":"has-post-thumbnail","7":"category-deportes","8":"tag-futbol","9":"tag-rafael-dudamel"},"_links":{"self":[{"href":"https:\/\/elluchador.info\/index.php?rest_route=\/wp\/v2\/posts\/272844","targetHints":{"allow":["GET"]}}],"collection":[{"href":"https:\/\/elluchador.info\/index.php?rest_route=\/wp\/v2\/posts"}],"about":[{"href":"https:\/\/elluchador.info\/index.php?rest_route=\/wp\/v2\/types\/post"}],"author":[{"embeddable":true,"href":"https:\/\/elluchador.info\/index.php?rest_route=\/wp\/v2\/users\/2"}],"replies":[{"embeddable":true,"href":"https:\/\/elluchador.info\/index.php?rest_route=%2Fwp%2Fv2%2Fcomments&post=272844"}],"version-history":[{"count":1,"href":"https:\/\/elluchador.info\/index.php?rest_route=\/wp\/v2\/posts\/272844\/revisions"}],"predecessor-version":[{"id":272846,"href":"https:\/\/elluchador.info\/index.php?rest_route=\/wp\/v2\/posts\/272844\/revisions\/272846"}],"wp:featuredmedia":[{"embeddable":true,"href":"https:\/\/elluchador.info\/index.php?rest_route=\/wp\/v2\/media\/272845"}],"wp:attachment":[{"href":"https:\/\/elluchador.info\/index.php?rest_route=%2Fwp%2Fv2%2Fmedia&parent=272844"}],"wp:term":[{"taxonomy":"category","embeddable":true,"href":"https:\/\/elluchador.info\/index.php?rest_route=%2Fwp%2Fv2%2Fcategories&post=272844"},{"taxonomy":"post_tag","embeddable":true,"href":"https:\/\/elluchador.info\/index.php?rest_route=%2Fwp%2Fv2%2Ftags&post=272844"}],"curies":[{"name":"wp","href":"https:\/\/api.w.org\/{rel}","templated":true}]}}