{"id":272865,"date":"2025-04-11T14:08:00","date_gmt":"2025-04-11T18:08:00","guid":{"rendered":"https:\/\/elluchador.info\/?p=272865"},"modified":"2025-04-11T14:01:57","modified_gmt":"2025-04-11T18:01:57","slug":"disminuye-la-matricula-en-colegios-venezolanos-tras-la-economia-del-pais","status":"publish","type":"post","link":"https:\/\/elluchador.info\/?p=272865","title":{"rendered":"Disminuye la matr\u00edcula en colegios venezolanos tras la econom\u00eda del pa\u00eds"},"content":{"rendered":"\n<p>Fausto Romeo Monte, vicepresidente de la Asociaci\u00f3n Nacional del Institutos Educativos Privados (Andiep), director general de Consenso Educativo y coordinador sectorial de Consecomercio, ofreci\u00f3 una radiograf\u00eda de la situaci\u00f3n que atraviesan los colegios privados.<\/p>\n\n\n\n<p>Monte explic\u00f3 que \u00abes una realidad que se est\u00e1 viviendo en todos los comercios. Vivimos momentos muy estables econ\u00f3micamente el a\u00f1o pasado, el d\u00f3lar se mantuvo y los sueldos correspond\u00edan a lo que uno ofrec\u00eda\u00bb.<\/p>\n\n\n\n<p>En el mes de enero, muchos maestros comenzaron a anunciar sus retiros. Por otro lado tenemos los montos que nos est\u00e1n cobrando las Alcald\u00edas.<\/p>\n\n\n\n<p>Preocupaci\u00f3n<\/p>\n\n\n\n<p>El representante de Andiep destac\u00f3 una preocupante causa y es, la disminuci\u00f3n de la matr\u00edcula en colegios privados. \u00abEn el a\u00f1o 2018 ten\u00edamos m\u00e1s de 3 millones de estudiantes, y actualmente solo tenemos un mill\u00f3n, y est\u00e1 reducci\u00f3n se debe tanto a la migraci\u00f3n del sector p\u00fablico como a la emigraci\u00f3n del pa\u00eds, expres\u00f3.<\/p>\n\n\n\n<p>Finalmente hizo un llamado al reajuste de costos, recordando que la reducci\u00f3n de matr\u00edcula eleva el costo por estudiante y los cr\u00e9ditos de los bancos para los colegios que ser\u00edan de buen beneficio para las mejoras de las instituciones.<\/p>\n\n\n\n<p>Con informaci\u00f3n <em><strong>Diario Primicia<\/strong><\/em><\/p>\n","protected":false},"excerpt":{"rendered":"<p>Fausto Romeo Monte, vicepresidente de la Asociaci\u00f3n Nacional del Institutos Educativos Privados (Andiep), director general de Consenso Educativo y coordinador sectorial de Consecomercio, ofreci\u00f3 una radiograf\u00eda de la situaci\u00f3n que atraviesan los colegios privados. Monte explic\u00f3 que \u00abes una realidad que se est\u00e1 viviendo en todos los comercios. Vivimos momentos muy estables econ\u00f3micamente el a\u00f1o [&hellip;]<\/p>\n","protected":false},"author":2,"featured_media":272866,"comment_status":"closed","ping_status":"closed","sticky":false,"template":"","format":"standard","meta":{"footnotes":""},"categories":[9],"tags":[3440,3439,274],"class_list":{"0":"post-272865","1":"post","2":"type-post","3":"status-publish","4":"format-standard","5":"has-post-thumbnail","7":"category-nacionales","8":"tag-andiep","9":"tag-baja-matricula","10":"tag-colegios"},"_links":{"self":[{"href":"https:\/\/elluchador.info\/index.php?rest_route=\/wp\/v2\/posts\/272865","targetHints":{"allow":["GET"]}}],"collection":[{"href":"https:\/\/elluchador.info\/index.php?rest_route=\/wp\/v2\/posts"}],"about":[{"href":"https:\/\/elluchador.info\/index.php?rest_route=\/wp\/v2\/types\/post"}],"author":[{"embeddable":true,"href":"https:\/\/elluchador.info\/index.php?rest_route=\/wp\/v2\/users\/2"}],"replies":[{"embeddable":true,"href":"https:\/\/elluchador.info\/index.php?rest_route=%2Fwp%2Fv2%2Fcomments&post=272865"}],"version-history":[{"count":1,"href":"https:\/\/elluchador.info\/index.php?rest_route=\/wp\/v2\/posts\/272865\/revisions"}],"predecessor-version":[{"id":272867,"href":"https:\/\/elluchador.info\/index.php?rest_route=\/wp\/v2\/posts\/272865\/revisions\/272867"}],"wp:featuredmedia":[{"embeddable":true,"href":"https:\/\/elluchador.info\/index.php?rest_route=\/wp\/v2\/media\/272866"}],"wp:attachment":[{"href":"https:\/\/elluchador.info\/index.php?rest_route=%2Fwp%2Fv2%2Fmedia&parent=272865"}],"wp:term":[{"taxonomy":"category","embeddable":true,"href":"https:\/\/elluchador.info\/index.php?rest_route=%2Fwp%2Fv2%2Fcategories&post=272865"},{"taxonomy":"post_tag","embeddable":true,"href":"https:\/\/elluchador.info\/index.php?rest_route=%2Fwp%2Fv2%2Ftags&post=272865"}],"curies":[{"name":"wp","href":"https:\/\/api.w.org\/{rel}","templated":true}]}}