{"id":272915,"date":"2025-04-11T18:36:31","date_gmt":"2025-04-11T22:36:31","guid":{"rendered":"https:\/\/elluchador.info\/?p=272915"},"modified":"2025-04-11T18:36:35","modified_gmt":"2025-04-11T22:36:35","slug":"se-conmemora-los-208-anos-de-la-batalla-de-san-felix","status":"publish","type":"post","link":"https:\/\/elluchador.info\/?p=272915","title":{"rendered":"Se conmemora los 208 a\u00f1os de la Batalla de San F\u00e9lix"},"content":{"rendered":"\n<p>Una acostumbrada ofrenda floral al pr\u00f3cer guayan\u00e9s Manuel Carlos Piar, di\u00f3 inicio a un acto emotivo que rememor\u00f3 el acto m\u00e1s importante logrado por las armas de Venezuela, la Batalla de San F\u00e9lix.<\/p>\n\n\n\n<p>Esta batalla, seg\u00fan muchos cronistas e historiadores, marc\u00f3 la ruta definitiva para la independencia de Venezuela, de ah\u00ed la importancia para la poblaci\u00f3n guayanesa de esta gesta.<\/p>\n\n\n\n<p>Una vez ubicadas en sus diferentes asientos todas las autoridades civiles y militares, el ministro del Poder Popular para el Proceso Social del Trabajo, Eduardo Pi\u00f1ate, fue el orador de orden de la jornada hist\u00f3rica y resalt\u00f3 el ADN rebelde y libertario del pueblo guayan\u00e9s.<\/p>\n\n\n\n<p>Pi\u00f1ate indic\u00f3 que el mismo esp\u00edritu de lucha de aquellos hombres al mando del Gral. Piar recorre las calles de Ciudad Guayana y son las que aseguran la permanencia de la revoluci\u00f3n bolivariana en la entidad.<\/p>\n\n\n\n<p>\u00abUn hecho hist\u00f3rico significativo, fundamental no solo para la liberaci\u00f3n de Venezuela, sino de todo el continente, porque fue la f\u00f3rmula que se replic\u00f3 por las fuerzas libertarias para consolidar la independencia, romper el yugo colonial\u00bb, dijo el Ministro.<\/p>\n\n\n\n<p>En ese sentido, destac\u00f3 que la meseta de Chirica, lugar donde se escenific\u00f3 la Batalla de San F\u00e9lix, re\u00fane \u00abla m\u00e1s pura esencia de un ADN revolucionario independentista\u00bb.<\/p>\n\n\n\n<p>Una vez culminado el discurso, el desfile c\u00edvico militar engalan\u00f3 toda la tribuna principal donde se pudo observar todo el apresto operacional de los organismos de seguridad, as\u00ed como la presencia de diferentes instituciones educativas, sociales y culturales.<\/p>\n\n\n\n<p>El gobernador \u00c1ngel Marcano, el alcalde de Caron\u00ed, Tito Oviedo, la candidata a la Gobernaci\u00f3n, Yulisbeth Garc\u00eda y dem\u00e1s autoridades militares de la regi\u00f3n estuvieron presentes en la actividad.<\/p>\n\n\n\n<p>Con informaci\u00f3n <strong><em>\u00daltimas Noticias <\/em><\/strong><\/p>\n","protected":false},"excerpt":{"rendered":"<p>Una acostumbrada ofrenda floral al pr\u00f3cer guayan\u00e9s Manuel Carlos Piar, di\u00f3 inicio a un acto emotivo que rememor\u00f3 el acto m\u00e1s importante logrado por las armas de Venezuela, la Batalla de San F\u00e9lix. Esta batalla, seg\u00fan muchos cronistas e historiadores, marc\u00f3 la ruta definitiva para la independencia de Venezuela, de ah\u00ed la importancia para la [&hellip;]<\/p>\n","protected":false},"author":2,"featured_media":272916,"comment_status":"closed","ping_status":"closed","sticky":false,"template":"","format":"standard","meta":{"footnotes":""},"categories":[12],"tags":[3292,1178,3451],"class_list":{"0":"post-272915","1":"post","2":"type-post","3":"status-publish","4":"format-standard","5":"has-post-thumbnail","7":"category-regionales","8":"tag-batalla-de-san-felix","9":"tag-ciudad-guayana","10":"tag-desfile"},"_links":{"self":[{"href":"https:\/\/elluchador.info\/index.php?rest_route=\/wp\/v2\/posts\/272915","targetHints":{"allow":["GET"]}}],"collection":[{"href":"https:\/\/elluchador.info\/index.php?rest_route=\/wp\/v2\/posts"}],"about":[{"href":"https:\/\/elluchador.info\/index.php?rest_route=\/wp\/v2\/types\/post"}],"author":[{"embeddable":true,"href":"https:\/\/elluchador.info\/index.php?rest_route=\/wp\/v2\/users\/2"}],"replies":[{"embeddable":true,"href":"https:\/\/elluchador.info\/index.php?rest_route=%2Fwp%2Fv2%2Fcomments&post=272915"}],"version-history":[{"count":1,"href":"https:\/\/elluchador.info\/index.php?rest_route=\/wp\/v2\/posts\/272915\/revisions"}],"predecessor-version":[{"id":272917,"href":"https:\/\/elluchador.info\/index.php?rest_route=\/wp\/v2\/posts\/272915\/revisions\/272917"}],"wp:featuredmedia":[{"embeddable":true,"href":"https:\/\/elluchador.info\/index.php?rest_route=\/wp\/v2\/media\/272916"}],"wp:attachment":[{"href":"https:\/\/elluchador.info\/index.php?rest_route=%2Fwp%2Fv2%2Fmedia&parent=272915"}],"wp:term":[{"taxonomy":"category","embeddable":true,"href":"https:\/\/elluchador.info\/index.php?rest_route=%2Fwp%2Fv2%2Fcategories&post=272915"},{"taxonomy":"post_tag","embeddable":true,"href":"https:\/\/elluchador.info\/index.php?rest_route=%2Fwp%2Fv2%2Ftags&post=272915"}],"curies":[{"name":"wp","href":"https:\/\/api.w.org\/{rel}","templated":true}]}}