{"id":272967,"date":"2025-04-12T12:19:58","date_gmt":"2025-04-12T16:19:58","guid":{"rendered":"https:\/\/elluchador.info\/?p=272967"},"modified":"2025-04-12T12:20:02","modified_gmt":"2025-04-12T16:20:02","slug":"con-todos-los-honores-se-celebraron-los-208-anos-de-la-batalla-de-san-felix","status":"publish","type":"post","link":"https:\/\/elluchador.info\/?p=272967","title":{"rendered":"Con todos los honores se celebraron los 208 a\u00f1os de la Batalla de San F\u00e9lix\u00a0"},"content":{"rendered":"\n<p>Con gran majestuosidad y la intervenci\u00f3n de m\u00e1s de 3500 personas desfilando, se conmemoraron este viernes los 208 a\u00f1os de la Batalla de San F\u00e9lix, autoridades civiles, componentes militares en sus cuatro fuerzas, cuerpos de seguridad, misiones y grandes misiones, pueblos indigenas y el poder popular organizado, rindieron homenaje al General\u00edsimo Manuel Carlos Piar y a los h\u00e9roes que forjaron la victoria del 11 de abril de 1.817.<\/p>\n\n\n\n<p>Los actos estuvieron encabezados por el ministro del Poder Popular para el Proceso Social del Trabajo y enlace del estado Bol\u00edvar ante la Direcci\u00f3n Nacional del PSUV, Germ\u00e1n Eduardo Pi\u00f1ate Rodr\u00edguez; quien fue el orador de orden, junto al Comandante de la REDI Guayana, M\/G Wilfredo Medrano Machado; Comandante de la ZODI Bol\u00edvar, G\/D Miguel Yilales Arteaga; el gobernador \u00c1ngel Marcano, el alcalde Tito Oviedo; el cuerpo edilicio, presidido por Mayurvis Alcal\u00e1; la alcaldesa y candidata a la gobernaci\u00f3n, Yulisbeth Garc\u00eda y el alcalde del municipio Bolivariano Angostura, Sergio Hern\u00e1ndez.<\/p>\n\n\n<div class=\"wp-block-image\">\n<figure class=\"aligncenter size-large is-resized\"><img loading=\"lazy\" decoding=\"async\" width=\"1024\" height=\"768\" src=\"https:\/\/elluchador.info\/wp-content\/uploads\/2025\/04\/IMG_20250411_201419_498-1024x768.jpg\" alt=\"\" class=\"wp-image-272968\" style=\"width:642px;height:auto\" srcset=\"https:\/\/elluchador.info\/wp-content\/uploads\/2025\/04\/IMG_20250411_201419_498-1024x768.jpg 1024w, https:\/\/elluchador.info\/wp-content\/uploads\/2025\/04\/IMG_20250411_201419_498-300x225.jpg 300w, https:\/\/elluchador.info\/wp-content\/uploads\/2025\/04\/IMG_20250411_201419_498-768x576.jpg 768w, https:\/\/elluchador.info\/wp-content\/uploads\/2025\/04\/IMG_20250411_201419_498-150x113.jpg 150w, https:\/\/elluchador.info\/wp-content\/uploads\/2025\/04\/IMG_20250411_201419_498-696x522.jpg 696w, https:\/\/elluchador.info\/wp-content\/uploads\/2025\/04\/IMG_20250411_201419_498-1068x801.jpg 1068w, https:\/\/elluchador.info\/wp-content\/uploads\/2025\/04\/IMG_20250411_201419_498.jpg 1280w\" sizes=\"auto, (max-width: 1024px) 100vw, 1024px\" \/><\/figure>\n<\/div>\n\n\n<p>El alcalde del municipio Caron\u00ed Tito Oviedo agradeci\u00f3 a todos los comandantes de la regi\u00f3n Guayana el trabajo unificado que enalteci\u00f3 la fecha patria que hizo posible la independencia de la Provincia de Guayana y adem\u00e1s contar con los recursos econ\u00f3micos y log\u00edsticos para alcanzar la independencia de Venezuela.<\/p>\n\n\n\n<p>\u00abHemos venido otra vez aqu\u00ed los hijos de Guayana, tus hijos Manuel Piar, los herederos de la Octava Estrella\u00bb, expres\u00f3 durante su discurso.<\/p>\n\n\n\n<p>Indic\u00f3 que la Batalla de Chirica se posiciona como la primera gran batalla que condujo a los triunfos de los ej\u00e9rcitos libertadores, y es por ello que fue una lucha de los guayaneses el llevar los restos simb\u00f3licos del General Manuel Piar al Pante\u00f3n Nacional, logro que tambi\u00e9n cumple tres a\u00f1os y es parte de su reivindicaci\u00f3n.<\/p>\n\n\n\n<p>\u00abGuayana reafirma la importancia que tiene, la tuvo hace 208 y la tiene ahora, cuando m\u00e1s nos agreden, cuando m\u00e1s nos bloquean, Guayana cobra mayor importancia por sus recursos, por su regi\u00f3n estrat\u00e9gica y sobre todo nuestra ciudad, pujante y abierta para las grandes transformaciones\u00bb, a\u00f1adi\u00f3 Oviedo.<\/p>\n\n\n<div class=\"wp-block-image\">\n<figure class=\"aligncenter size-large is-resized\"><img loading=\"lazy\" decoding=\"async\" width=\"1024\" height=\"682\" src=\"https:\/\/elluchador.info\/wp-content\/uploads\/2025\/04\/IMG_20250411_202025_584-1024x682.jpg\" alt=\"\" class=\"wp-image-272969\" style=\"width:661px;height:auto\" srcset=\"https:\/\/elluchador.info\/wp-content\/uploads\/2025\/04\/IMG_20250411_202025_584-1024x682.jpg 1024w, https:\/\/elluchador.info\/wp-content\/uploads\/2025\/04\/IMG_20250411_202025_584-300x200.jpg 300w, https:\/\/elluchador.info\/wp-content\/uploads\/2025\/04\/IMG_20250411_202025_584-768x512.jpg 768w, https:\/\/elluchador.info\/wp-content\/uploads\/2025\/04\/IMG_20250411_202025_584-150x100.jpg 150w, https:\/\/elluchador.info\/wp-content\/uploads\/2025\/04\/IMG_20250411_202025_584-696x464.jpg 696w, https:\/\/elluchador.info\/wp-content\/uploads\/2025\/04\/IMG_20250411_202025_584-1068x712.jpg 1068w, https:\/\/elluchador.info\/wp-content\/uploads\/2025\/04\/IMG_20250411_202025_584.jpg 1280w\" sizes=\"auto, (max-width: 1024px) 100vw, 1024px\" \/><\/figure>\n<\/div>\n\n\n<p>El licenciado e historiador Germ\u00e1n Eduardo Pi\u00f1ate destac\u00f3 la trascendencia de este hecho hist\u00f3rico para la liberaci\u00f3n de Venezuela y el continente Americano, \u00absignific\u00f3 el establecimiento de una base territorial fundamental para el establecimiento del gobierno de la \u00e9poca y de all\u00ed todos los desarrollos, institucionales, pol\u00edticos, acciones militares que se produjeron despu\u00e9s de esa victoria, muy particularmente el Congreso de Angostura\u00bb, subray\u00f3.<\/p>\n\n\n\n<p>Por otra parte expres\u00f3 que el pensamiento colonizador es fundamental en este tiempo al conmemorarse de la misma manera un a\u00f1o m\u00e1s del golpe del estado \u00aben el cual la oligarqu\u00eda, el imperialismo, los herederos de los colonialistas espa\u00f1oles de hace 208 a\u00f1os, trataron de acabar con el sue\u00f1o del pueblo venezolano, y unas horas despu\u00e9s el pueblo venezolano los derrot\u00f3 en uni\u00f3n civico-popular-militar\u00bb.<\/p>\n\n\n\n<p><strong>Toma del Cerro El Gallo<\/strong><\/p>\n\n\n\n<p>Como parte del homenaje a Piar, los actos incluyeron ofrendas florales de los distintos Poderes ante la estatua pedestre del General\u00edsimo Manuel Piar, por primera vez onde\u00f3 en la Plaza Bicentenaria de Ciudad Guayana la Bandera del municipio Caron\u00ed acompa\u00f1ada de una nuevo escudo.<\/p>\n\n\n<div class=\"wp-block-image\">\n<figure class=\"aligncenter size-large is-resized\"><img loading=\"lazy\" decoding=\"async\" width=\"1024\" height=\"682\" src=\"https:\/\/elluchador.info\/wp-content\/uploads\/2025\/04\/IMG_20250411_161328_209-1024x682.jpg\" alt=\"\" class=\"wp-image-272970\" style=\"width:576px;height:auto\" srcset=\"https:\/\/elluchador.info\/wp-content\/uploads\/2025\/04\/IMG_20250411_161328_209-1024x682.jpg 1024w, https:\/\/elluchador.info\/wp-content\/uploads\/2025\/04\/IMG_20250411_161328_209-300x200.jpg 300w, https:\/\/elluchador.info\/wp-content\/uploads\/2025\/04\/IMG_20250411_161328_209-768x512.jpg 768w, https:\/\/elluchador.info\/wp-content\/uploads\/2025\/04\/IMG_20250411_161328_209-150x100.jpg 150w, https:\/\/elluchador.info\/wp-content\/uploads\/2025\/04\/IMG_20250411_161328_209-696x464.jpg 696w, https:\/\/elluchador.info\/wp-content\/uploads\/2025\/04\/IMG_20250411_161328_209-1068x712.jpg 1068w, https:\/\/elluchador.info\/wp-content\/uploads\/2025\/04\/IMG_20250411_161328_209.jpg 1280w\" sizes=\"auto, (max-width: 1024px) 100vw, 1024px\" \/><\/figure>\n<\/div>\n\n\n<p>Condecoraciones con la Orden Manuel Piar y la representaci\u00f3n del hecho hist\u00f3rico de esta gloriosa batalla con la participaci\u00f3n del pueblo de Guayana y los cultores locales que hicieron la toma del Cerro El Gallo, complementaron un d\u00eda de honores para los h\u00e9roes de la Provincia de Guayana.<\/p>\n\n\n\n<p><strong><em>Prensa Alcald\u00eda de Caron\u00ed <\/em><\/strong><\/p>\n","protected":false},"excerpt":{"rendered":"<p>Con gran majestuosidad y la intervenci\u00f3n de m\u00e1s de 3500 personas desfilando, se conmemoraron este viernes los 208 a\u00f1os de la Batalla de San F\u00e9lix, autoridades civiles, componentes militares en sus cuatro fuerzas, cuerpos de seguridad, misiones y grandes misiones, pueblos indigenas y el poder popular organizado, rindieron homenaje al General\u00edsimo Manuel Carlos Piar y [&hellip;]<\/p>\n","protected":false},"author":33,"featured_media":272971,"comment_status":"closed","ping_status":"closed","sticky":false,"template":"","format":"standard","meta":{"footnotes":""},"categories":[5,12],"tags":[1178],"class_list":{"0":"post-272967","1":"post","2":"type-post","3":"status-publish","4":"format-standard","5":"has-post-thumbnail","7":"category-destacado","8":"category-regionales","9":"tag-ciudad-guayana"},"_links":{"self":[{"href":"https:\/\/elluchador.info\/index.php?rest_route=\/wp\/v2\/posts\/272967","targetHints":{"allow":["GET"]}}],"collection":[{"href":"https:\/\/elluchador.info\/index.php?rest_route=\/wp\/v2\/posts"}],"about":[{"href":"https:\/\/elluchador.info\/index.php?rest_route=\/wp\/v2\/types\/post"}],"author":[{"embeddable":true,"href":"https:\/\/elluchador.info\/index.php?rest_route=\/wp\/v2\/users\/33"}],"replies":[{"embeddable":true,"href":"https:\/\/elluchador.info\/index.php?rest_route=%2Fwp%2Fv2%2Fcomments&post=272967"}],"version-history":[{"count":2,"href":"https:\/\/elluchador.info\/index.php?rest_route=\/wp\/v2\/posts\/272967\/revisions"}],"predecessor-version":[{"id":272973,"href":"https:\/\/elluchador.info\/index.php?rest_route=\/wp\/v2\/posts\/272967\/revisions\/272973"}],"wp:featuredmedia":[{"embeddable":true,"href":"https:\/\/elluchador.info\/index.php?rest_route=\/wp\/v2\/media\/272971"}],"wp:attachment":[{"href":"https:\/\/elluchador.info\/index.php?rest_route=%2Fwp%2Fv2%2Fmedia&parent=272967"}],"wp:term":[{"taxonomy":"category","embeddable":true,"href":"https:\/\/elluchador.info\/index.php?rest_route=%2Fwp%2Fv2%2Fcategories&post=272967"},{"taxonomy":"post_tag","embeddable":true,"href":"https:\/\/elluchador.info\/index.php?rest_route=%2Fwp%2Fv2%2Ftags&post=272967"}],"curies":[{"name":"wp","href":"https:\/\/api.w.org\/{rel}","templated":true}]}}