{"id":272987,"date":"2025-04-12T15:03:37","date_gmt":"2025-04-12T19:03:37","guid":{"rendered":"https:\/\/elluchador.info\/?p=272987"},"modified":"2025-04-12T15:03:41","modified_gmt":"2025-04-12T19:03:41","slug":"maduro-visitara-moscu-el-9-de-mayo","status":"publish","type":"post","link":"https:\/\/elluchador.info\/?p=272987","title":{"rendered":"Maduro visitar\u00e1 Mosc\u00fa el 9 de mayo"},"content":{"rendered":"\n<p>El ministro de Exteriores ruso, Sergu\u00e9i Lavrov. confirmo que el presidente de Venezuela, Nicol\u00e1s Maduro, visitar\u00e1 Mosc\u00fa el pr\u00f3ximo mes para participar en las celebraciones del D\u00eda de la Victoria sobre la Alemania nazi, que tradicionalmente es festejado el 9 de mayo.<\/p>\n\n\n\n<p>\u201cLa reuni\u00f3n de hoy es una buena oportunidad para intercambiar impresiones de cara a la visita del presidente Maduro, quien estar\u00e1 con nosotros el 9 de mayo\u201d, dijo Lavrov, citado por agencias rusas, al inicio de un encuentro con su hom\u00f3logo venezolano, Iv\u00e1n Gil, en el marco del Foro Diplom\u00e1tico de Antalya, en Turqu\u00eda.<\/p>\n\n\n\n<p>Anteriormente, Caracas ya hab\u00eda adelantado que Maduro planea visitar \u201cpr\u00f3ximamente\u201d Rusia para la firma de un acuerdo bilateral con el presidente ruso, Vlad\u00edmir Putin.<\/p>\n\n\n\n<p>El mes pasado, Putin invit\u00f3 a Maduro a visitar Mosc\u00fa, \u201ccuando m\u00e1s le convenga\u201d, para firmar un tratado de asociaci\u00f3n estrat\u00e9gica entre ambos pa\u00edses que, dijo, ya est\u00e1 listo, as\u00ed como a asistir a la conmemoraci\u00f3n del 80 aniversario de la victoria sobre la Alemania nazi.<\/p>\n\n\n\n<p>El mandatario ruso fue uno de los primeros l\u00edderes en felicitar a Maduro por su reelecci\u00f3n en los comicios del 28 de julio de 2024.<\/p>\n\n\n\n<p>En las celebraciones con ocasi\u00f3n del 80 aniversario de la victoria sovi\u00e9tica sobre la Alemania nazi se espera la asistencia de otros mandatarios latinoamericanos, incluido el l\u00edder brasile\u00f1o, Luis In\u00e1cio Lula da Silva.<\/p>\n\n\n\n<p>Con informaci\u00f3n de <strong>agencias.-<\/strong><\/p>\n","protected":false},"excerpt":{"rendered":"<p>El ministro de Exteriores ruso, Sergu\u00e9i Lavrov. confirmo que el presidente de Venezuela, Nicol\u00e1s Maduro, visitar\u00e1 Mosc\u00fa el pr\u00f3ximo mes para participar en las celebraciones del D\u00eda de la Victoria sobre la Alemania nazi, que tradicionalmente es festejado el 9 de mayo. \u201cLa reuni\u00f3n de hoy es una buena oportunidad para intercambiar impresiones de cara [&hellip;]<\/p>\n","protected":false},"author":38,"featured_media":272988,"comment_status":"closed","ping_status":"closed","sticky":false,"template":"","format":"standard","meta":{"footnotes":""},"categories":[11],"tags":[448,105],"class_list":{"0":"post-272987","1":"post","2":"type-post","3":"status-publish","4":"format-standard","5":"has-post-thumbnail","7":"category-politica","8":"tag-mundo","9":"tag-venezuela"},"_links":{"self":[{"href":"https:\/\/elluchador.info\/index.php?rest_route=\/wp\/v2\/posts\/272987","targetHints":{"allow":["GET"]}}],"collection":[{"href":"https:\/\/elluchador.info\/index.php?rest_route=\/wp\/v2\/posts"}],"about":[{"href":"https:\/\/elluchador.info\/index.php?rest_route=\/wp\/v2\/types\/post"}],"author":[{"embeddable":true,"href":"https:\/\/elluchador.info\/index.php?rest_route=\/wp\/v2\/users\/38"}],"replies":[{"embeddable":true,"href":"https:\/\/elluchador.info\/index.php?rest_route=%2Fwp%2Fv2%2Fcomments&post=272987"}],"version-history":[{"count":1,"href":"https:\/\/elluchador.info\/index.php?rest_route=\/wp\/v2\/posts\/272987\/revisions"}],"predecessor-version":[{"id":272989,"href":"https:\/\/elluchador.info\/index.php?rest_route=\/wp\/v2\/posts\/272987\/revisions\/272989"}],"wp:featuredmedia":[{"embeddable":true,"href":"https:\/\/elluchador.info\/index.php?rest_route=\/wp\/v2\/media\/272988"}],"wp:attachment":[{"href":"https:\/\/elluchador.info\/index.php?rest_route=%2Fwp%2Fv2%2Fmedia&parent=272987"}],"wp:term":[{"taxonomy":"category","embeddable":true,"href":"https:\/\/elluchador.info\/index.php?rest_route=%2Fwp%2Fv2%2Fcategories&post=272987"},{"taxonomy":"post_tag","embeddable":true,"href":"https:\/\/elluchador.info\/index.php?rest_route=%2Fwp%2Fv2%2Ftags&post=272987"}],"curies":[{"name":"wp","href":"https:\/\/api.w.org\/{rel}","templated":true}]}}