{"id":273038,"date":"2025-04-13T10:06:29","date_gmt":"2025-04-13T14:06:29","guid":{"rendered":"https:\/\/elluchador.info\/?p=273038"},"modified":"2025-04-13T10:06:32","modified_gmt":"2025-04-13T14:06:32","slug":"el-papa-francisco-aparecio-en-el-vaticano-durante-la-misa-del-domingo-de-ramos","status":"publish","type":"post","link":"https:\/\/elluchador.info\/?p=273038","title":{"rendered":"El papa Francisco apareci\u00f3 en el Vaticano durante la misa del Domingo de Ramos"},"content":{"rendered":"\n<p>A\u00fan convaleciente de una grave afecci\u00f3n respiratoria, el papa Francisco, sorprendi\u00f3 a los fieles al presentarse inesperadamente en la Plaza de San Pedro, al t\u00e9rmino de la misa del Domingo de Ramos, marcando una significativa aparici\u00f3n p\u00fablica al inicio de la Semana Santa.<\/p>\n\n\n\n<p>El pont\u00edfice de 88 a\u00f1os, quien estuvo hospitalizado durante 38 d\u00edas por una neumon\u00eda bilateral y otros problemas respiratorios, se present\u00f3 en silla de ruedas pero sin las c\u00e1nulas nasales de ox\u00edgeno que hab\u00eda utilizado en ocasiones anteriores durante su recuperaci\u00f3n.<\/p>\n\n\n\n<p>\u201cBuen Domingo de Ramos, buena Semana Santa\u201d, expres\u00f3 brevemente Francisco desde el altar central de la plaza, donde salud\u00f3 al cardenal argentino Leonardo Sandri, quien presidi\u00f3 la celebraci\u00f3n eucar\u00edstica por delegaci\u00f3n papal.<\/p>\n\n\n\n<p>A pesar de las recomendaciones m\u00e9dicas que establec\u00edan al menos dos meses de reposo, esta aparici\u00f3n se suma a otras tres salidas p\u00fablicas que el papa ha realizado desde que abandon\u00f3 el Hospital Gemelli de Roma el pasado 23 de marzo, incluyendo una recepci\u00f3n sorpresa a los reyes Carlos y Camila del Reino Unido.<\/p>\n\n\n\n<p><strong>El mensaje de Francisco:<\/strong> \u201cTender la mano al que ya no puede m\u00e1s\u201d<\/p>\n\n\n\n<p>Aunque el papa no pudo presidir la misa ni pronunciar personalmente su homil\u00eda, su mensaje fue le\u00eddo por el cardenal Sandri, vicedecano del colegio cardenalicio. En el texto, Francisco exhort\u00f3 a los fieles a \u201ctender la mano al que ya no puede m\u00e1s\u201d y a convertirse en \u201ccireneos los unos para los otros\u201d, en referencia a Sim\u00f3n de Cirene, quien ayud\u00f3 a Jes\u00fas a cargar la cruz.<\/p>\n\n\n\n<p>\u201cLa pasi\u00f3n de Jes\u00fas se vuelve compasi\u00f3n cuando tendemos la mano al que ya no puede m\u00e1s, cuando levantamos al que est\u00e1 ca\u00eddo, cuando abrazamos al que est\u00e1 desconsolado\u201d, se\u00f1alaba el mensaje papal, invitando a los fieles a vivir la Semana Santa con un compromiso concreto: \u201cDecidamos durante la Semana Santa c\u00f3mo llevar la cruz; no al cuello, sino en el coraz\u00f3n\u201d.<\/p>\n\n\n\n<p>En su reflexi\u00f3n sobre el Cireneo, el papa destac\u00f3 que \u201cJes\u00fas sale al encuentro de todos, en cualquier situaci\u00f3n\u201d y pregunt\u00f3 a los creyentes si reconocen \u201ca los cireneos que llevan la cruz de Cristo\u201d en los rostros \u201cdesgarrados por la guerra y la miseria\u201d.<\/p>\n\n\n\n<p>La homil\u00eda concluy\u00f3 con una reflexi\u00f3n sobre el significado de compartir el sufrimiento: \u201cFrente a la atroz injusticia del mal, llevar la cruz nunca es en vano, m\u00e1s a\u00fan, es la manera m\u00e1s concreta de compartir su amor salvador\u201d.<\/p>\n\n\n\n<p>Con informaci\u00f3n de <strong>agencias.-<\/strong><\/p>\n","protected":false},"excerpt":{"rendered":"<p>A\u00fan convaleciente de una grave afecci\u00f3n respiratoria, el papa Francisco, sorprendi\u00f3 a los fieles al presentarse inesperadamente en la Plaza de San Pedro, al t\u00e9rmino de la misa del Domingo de Ramos, marcando una significativa aparici\u00f3n p\u00fablica al inicio de la Semana Santa. El pont\u00edfice de 88 a\u00f1os, quien estuvo hospitalizado durante 38 d\u00edas por [&hellip;]<\/p>\n","protected":false},"author":38,"featured_media":273039,"comment_status":"closed","ping_status":"closed","sticky":false,"template":"","format":"standard","meta":{"footnotes":""},"categories":[8],"tags":[448],"class_list":{"0":"post-273038","1":"post","2":"type-post","3":"status-publish","4":"format-standard","5":"has-post-thumbnail","7":"category-internacionales","8":"tag-mundo"},"_links":{"self":[{"href":"https:\/\/elluchador.info\/index.php?rest_route=\/wp\/v2\/posts\/273038","targetHints":{"allow":["GET"]}}],"collection":[{"href":"https:\/\/elluchador.info\/index.php?rest_route=\/wp\/v2\/posts"}],"about":[{"href":"https:\/\/elluchador.info\/index.php?rest_route=\/wp\/v2\/types\/post"}],"author":[{"embeddable":true,"href":"https:\/\/elluchador.info\/index.php?rest_route=\/wp\/v2\/users\/38"}],"replies":[{"embeddable":true,"href":"https:\/\/elluchador.info\/index.php?rest_route=%2Fwp%2Fv2%2Fcomments&post=273038"}],"version-history":[{"count":1,"href":"https:\/\/elluchador.info\/index.php?rest_route=\/wp\/v2\/posts\/273038\/revisions"}],"predecessor-version":[{"id":273040,"href":"https:\/\/elluchador.info\/index.php?rest_route=\/wp\/v2\/posts\/273038\/revisions\/273040"}],"wp:featuredmedia":[{"embeddable":true,"href":"https:\/\/elluchador.info\/index.php?rest_route=\/wp\/v2\/media\/273039"}],"wp:attachment":[{"href":"https:\/\/elluchador.info\/index.php?rest_route=%2Fwp%2Fv2%2Fmedia&parent=273038"}],"wp:term":[{"taxonomy":"category","embeddable":true,"href":"https:\/\/elluchador.info\/index.php?rest_route=%2Fwp%2Fv2%2Fcategories&post=273038"},{"taxonomy":"post_tag","embeddable":true,"href":"https:\/\/elluchador.info\/index.php?rest_route=%2Fwp%2Fv2%2Ftags&post=273038"}],"curies":[{"name":"wp","href":"https:\/\/api.w.org\/{rel}","templated":true}]}}