{"id":273041,"date":"2025-04-13T10:18:34","date_gmt":"2025-04-13T14:18:34","guid":{"rendered":"https:\/\/elluchador.info\/?p=273041"},"modified":"2025-04-13T10:18:38","modified_gmt":"2025-04-13T14:18:38","slug":"origen-del-domingo-de-ramos","status":"publish","type":"post","link":"https:\/\/elluchador.info\/?p=273041","title":{"rendered":"Origen del Domingo de Ramos"},"content":{"rendered":"\n<p>Este domingo supone el comienzo oficial de la Semana Santa del 2025, d\u00f3nde se conmemora la entrada triunfal de Jes\u00fas de Nazaret en Jerusal\u00e9n en medio de una multitud que lo aclama y lo reconoce como el Mes\u00edas.&nbsp;<\/p>\n\n\n\n<p>Seg\u00fan los Evangelios, Jesucristo entr\u00f3 montado en un asno en Jerusal\u00e9n, como Pr\u00edncipe de la Paz, ya que los estudiosos razonan que de haber escogido un caballo, hubiese simbolizado la guerra.<\/p>\n\n\n\n<p>La gente deposit\u00f3 sus mantos y ramas de \u00e1rboles delante de \u00e9l, cantando parte del Salmo 118: Bendito el que viene en nombre del Se\u00f1or. Por eso, en esta fecha los cat\u00f3licos acuden a las iglesias para bendecir sus palmas.<\/p>\n\n\n\n<p>Las ceremonias principales de este d\u00eda son la bendici\u00f3n de las palmas, la procesi\u00f3n, la misa, y la narraci\u00f3n de la Pasi\u00f3n de Cristo. Otro momento clave es cuando los fieles participan en la procesi\u00f3n, y deben llevar en las manos ramos de palma, olivos u otros \u00e1rboles, y se dedican a entonar c\u00e1nticos.&nbsp;<\/p>\n\n\n\n<p>Los sacerdotes tambi\u00e9n van delante guiando a los fieles. El clero las bendice y los cristianos se las pueden llevar a casa, donde las colocan junto a las cruces y crucifijos, las guardan en sus Biblias o cerca de arte religioso. A la v\u00edspera del Domingo de Ramos, se le llama el S\u00e1bado de L\u00e1zaro.<\/p>\n\n\n\n<p>Con informaci\u00f3n de <strong>agencias.-<\/strong><\/p>\n","protected":false},"excerpt":{"rendered":"<p>Este domingo supone el comienzo oficial de la Semana Santa del 2025, d\u00f3nde se conmemora la entrada triunfal de Jes\u00fas de Nazaret en Jerusal\u00e9n en medio de una multitud que lo aclama y lo reconoce como el Mes\u00edas.&nbsp; Seg\u00fan los Evangelios, Jesucristo entr\u00f3 montado en un asno en Jerusal\u00e9n, como Pr\u00edncipe de la Paz, ya [&hellip;]<\/p>\n","protected":false},"author":38,"featured_media":273042,"comment_status":"closed","ping_status":"closed","sticky":false,"template":"","format":"standard","meta":{"footnotes":""},"categories":[3],"tags":[448,105],"class_list":{"0":"post-273041","1":"post","2":"type-post","3":"status-publish","4":"format-standard","5":"has-post-thumbnail","7":"category-curiosidades","8":"tag-mundo","9":"tag-venezuela"},"_links":{"self":[{"href":"https:\/\/elluchador.info\/index.php?rest_route=\/wp\/v2\/posts\/273041","targetHints":{"allow":["GET"]}}],"collection":[{"href":"https:\/\/elluchador.info\/index.php?rest_route=\/wp\/v2\/posts"}],"about":[{"href":"https:\/\/elluchador.info\/index.php?rest_route=\/wp\/v2\/types\/post"}],"author":[{"embeddable":true,"href":"https:\/\/elluchador.info\/index.php?rest_route=\/wp\/v2\/users\/38"}],"replies":[{"embeddable":true,"href":"https:\/\/elluchador.info\/index.php?rest_route=%2Fwp%2Fv2%2Fcomments&post=273041"}],"version-history":[{"count":1,"href":"https:\/\/elluchador.info\/index.php?rest_route=\/wp\/v2\/posts\/273041\/revisions"}],"predecessor-version":[{"id":273043,"href":"https:\/\/elluchador.info\/index.php?rest_route=\/wp\/v2\/posts\/273041\/revisions\/273043"}],"wp:featuredmedia":[{"embeddable":true,"href":"https:\/\/elluchador.info\/index.php?rest_route=\/wp\/v2\/media\/273042"}],"wp:attachment":[{"href":"https:\/\/elluchador.info\/index.php?rest_route=%2Fwp%2Fv2%2Fmedia&parent=273041"}],"wp:term":[{"taxonomy":"category","embeddable":true,"href":"https:\/\/elluchador.info\/index.php?rest_route=%2Fwp%2Fv2%2Fcategories&post=273041"},{"taxonomy":"post_tag","embeddable":true,"href":"https:\/\/elluchador.info\/index.php?rest_route=%2Fwp%2Fv2%2Ftags&post=273041"}],"curies":[{"name":"wp","href":"https:\/\/api.w.org\/{rel}","templated":true}]}}