{"id":273056,"date":"2025-04-13T14:39:26","date_gmt":"2025-04-13T18:39:26","guid":{"rendered":"https:\/\/elluchador.info\/?p=273056"},"modified":"2025-04-13T14:39:30","modified_gmt":"2025-04-13T18:39:30","slug":"maduro-magnifica-jornada-de-inscripciones-de-candidatos-ante-el-cne","status":"publish","type":"post","link":"https:\/\/elluchador.info\/?p=273056","title":{"rendered":"Maduro: Magn\u00edfica jornada de inscripciones de candidatos ante el CNE"},"content":{"rendered":"\n<p>\u200e\u201cMagn\u00edfica jornada de inscripciones ante el CNE, con la fuerza popular de mi gente en La Guaira, Aragua, Apure, Portuguesa, Carabobo, Yaracuy, Sucre, Caracas acompa\u00f1ando a sus candidatas y candidatos, Guayana Esequiba, Anzo\u00e1tegui, Zulia y Bol\u00edvar\u201d, expres\u00f3 el presidente Nicol\u00e1s Maduro, quien lidera el Partido Socialista Unido de Venezuela (PSUV).<br>\u200e<br>\u200eAfirm\u00f3 que la formalizaci\u00f3n de las inscripciones es una demostraci\u00f3n de la organizaci\u00f3n, fuerza, compromiso y voluntad inquebrantable y envi\u00f3 felicitaciones por la movilizaci\u00f3n del pueblo revolucionario que acompa\u00f1\u00f3 a los candidatos del Gran Polo Patri\u00f3tico Sim\u00f3n Bol\u00edvar (GPPSB).<br>\u200e<br>\u200e\u201cLas calles de estas capitales fueron el epicentro de la volc\u00e1nica expresi\u00f3n y el apoyo del pueblo al GPP Sim\u00f3n Bol\u00edvar. Con la Generaci\u00f3n Genial, vamos a sellar el futuro\u201d, recalc\u00f3, adem\u00e1s de hacer hincapi\u00e9 en mantener el bien m\u00e1s preciado que es la independencia plena en Venezuela. \u201cDebemos seguir en Unidad, Lucha, Batalla y Victoria.\u201d, subray\u00f3.<br>\u200e<br>\u200eEl s\u00e1bado 12 de abril del a\u00f1o en curso, la primera autoridad del PSUV exhort\u00f3 a los candidatos del GPPSB a llevar una campa\u00f1a alegre, colorida y profundamente conectada con la gente trabajadora, los j\u00f3venes, las mujeres y los sectores que construyen Patria.<br>\u200e<br>\u200eCon informaci\u00f3n <strong>VTV<\/strong><\/p>\n","protected":false},"excerpt":{"rendered":"<p>\u200e\u201cMagn\u00edfica jornada de inscripciones ante el CNE, con la fuerza popular de mi gente en La Guaira, Aragua, Apure, Portuguesa, Carabobo, Yaracuy, Sucre, Caracas acompa\u00f1ando a sus candidatas y candidatos, Guayana Esequiba, Anzo\u00e1tegui, Zulia y Bol\u00edvar\u201d, expres\u00f3 el presidente Nicol\u00e1s Maduro, quien lidera el Partido Socialista Unido de Venezuela (PSUV).\u200e\u200eAfirm\u00f3 que la formalizaci\u00f3n de las [&hellip;]<\/p>\n","protected":false},"author":33,"featured_media":273057,"comment_status":"closed","ping_status":"closed","sticky":false,"template":"","format":"standard","meta":{"footnotes":""},"categories":[11],"tags":[285,352,105],"class_list":{"0":"post-273056","1":"post","2":"type-post","3":"status-publish","4":"format-standard","5":"has-post-thumbnail","7":"category-politica","8":"tag-elecciones","9":"tag-gobierno","10":"tag-venezuela"},"_links":{"self":[{"href":"https:\/\/elluchador.info\/index.php?rest_route=\/wp\/v2\/posts\/273056","targetHints":{"allow":["GET"]}}],"collection":[{"href":"https:\/\/elluchador.info\/index.php?rest_route=\/wp\/v2\/posts"}],"about":[{"href":"https:\/\/elluchador.info\/index.php?rest_route=\/wp\/v2\/types\/post"}],"author":[{"embeddable":true,"href":"https:\/\/elluchador.info\/index.php?rest_route=\/wp\/v2\/users\/33"}],"replies":[{"embeddable":true,"href":"https:\/\/elluchador.info\/index.php?rest_route=%2Fwp%2Fv2%2Fcomments&post=273056"}],"version-history":[{"count":1,"href":"https:\/\/elluchador.info\/index.php?rest_route=\/wp\/v2\/posts\/273056\/revisions"}],"predecessor-version":[{"id":273058,"href":"https:\/\/elluchador.info\/index.php?rest_route=\/wp\/v2\/posts\/273056\/revisions\/273058"}],"wp:featuredmedia":[{"embeddable":true,"href":"https:\/\/elluchador.info\/index.php?rest_route=\/wp\/v2\/media\/273057"}],"wp:attachment":[{"href":"https:\/\/elluchador.info\/index.php?rest_route=%2Fwp%2Fv2%2Fmedia&parent=273056"}],"wp:term":[{"taxonomy":"category","embeddable":true,"href":"https:\/\/elluchador.info\/index.php?rest_route=%2Fwp%2Fv2%2Fcategories&post=273056"},{"taxonomy":"post_tag","embeddable":true,"href":"https:\/\/elluchador.info\/index.php?rest_route=%2Fwp%2Fv2%2Ftags&post=273056"}],"curies":[{"name":"wp","href":"https:\/\/api.w.org\/{rel}","templated":true}]}}